{"id":160920,"date":"2024-08-22T08:21:15","date_gmt":"2024-08-22T11:21:15","guid":{"rendered":"https:\/\/corrientesdetarde.com\/?p=160920"},"modified":"2024-08-22T08:21:27","modified_gmt":"2024-08-22T11:21:27","slug":"solo-el-40-de-los-correntinos-esta-afiliado-a-un-partido-politico","status":"publish","type":"post","link":"https:\/\/corrientesdetarde.com\/index.php\/informacion-general\/solo-el-40-de-los-correntinos-esta-afiliado-a-un-partido-politico\/","title":{"rendered":"Solo el 40% de los correntinos est\u00e1 afiliado a un partido pol\u00edtico"},"content":{"rendered":"\n<p>En una provincia que tiene 45 sellos federales, uno m\u00e1s en tr\u00e1mite, y casi 80 agrupaciones distritales, cay\u00f3 el inter\u00e9s ciudadano por las entidades pol\u00edticas. En 2007, el 53% de los empadronados era adherente.<a href=\"https:\/\/api.whatsapp.com\/send?text=Solo%20el%2040%%20de%20los%20correntinos%20est%C3%A1%20afiliado%20a%20un%20partido%20pol%C3%ADtico%20-%20https:\/\/www.diarioepoca.com\/1330270-solo-el-40-de-los-correntinos-esta-afiliado-a-un-partido-politico?utm_source=WhatsApp%26utm_medium=WhatsApp%26utm_campaign=WhatsApp%26utm_term=WhatsApp\" target=\"_blank\" rel=\"noreferrer noopener\"><\/a><a href=\"https:\/\/www.diarioepoca.com\/1330270-solo-el-40-de-los-correntinos-esta-afiliado-a-un-partido-politico#\"><\/a><a href=\"https:\/\/www.diarioepoca.com\/1330270-solo-el-40-de-los-correntinos-esta-afiliado-a-un-partido-politico#\"><\/a><\/p>\n\n\n\n<p>Fuerte ca\u00edda del inter\u00e9s ciudadano en la participaci\u00f3n de la pol\u00edtica partidaria. Un informe revela que en Corrientes solo el 40,1% de los ciudadanos que figuran en el padr\u00f3n de electores pertenece a alguno de los m\u00e1s de 80 sellos reconocidos para el distrito provincial y los 45 con representaci\u00f3n federal.<\/p>\n\n\n\n<p>Estos datos surgen de un informe que public\u00f3 recientemente la C\u00e1mara Nacional Electoral que detalla que en Corrientes hay 933.876 votantes inscriptos en el padr\u00f3n electoral oficial, de los cuales 374.460 est\u00e1n afiliados a algunas de las agrupaciones partidarias vigentes en la provincia.<\/p>\n\n\n\n<p>As\u00ed, se desprende que el 40,10% de las personas en condiciones de votar est\u00e1n afiliadas a alguno de los partidos pol\u00edticos vigentes en la provincia.<\/p>\n\n\n\n<p>Corrientes es el segundo distrito con mayor porcentaje de afiliados, despu\u00e9s de Formosa que tiene el 42,34% de electores con afiliaci\u00f3n a partidos pol\u00edticos y Jujuy con el 40,33%.<\/p>\n\n\n\n<p>Fuentes de la Secretar\u00eda Electoral del Juzgado Federal N\u00famero 1, con Competencia Electoral de Corrientes, revelaron que hay 45 sellos reconocidos para la participar en elecciones federales y que est\u00e1 en tr\u00e1mite La Libertad Avanza que tiene su resoluci\u00f3n de aprobaci\u00f3n apelada por las disputas que hay entre los distintos sectores de la agrupaci\u00f3n que adhiere a las ideas del presidente Javier Milei y no est\u00e1 de acuerdo con que el diputado Lisandro Almir\u00f3n se quede con el sello.<\/p>\n\n\n\n<p>Asimismo aclararon que con los sellos reconocidos para actuaci\u00f3n provincial son m\u00e1s de 80 y atendiendo a las elecciones gubernativas del a\u00f1o venidero podr\u00edan llegar al centenar, lo que generar\u00eda serias dificultades a la hora de<\/p>\n\n\n\n<h2 class=\"wp-block-heading\">En ca\u00edda<\/h2>\n\n\n\n<p>De acuerdo a los datos difundidos por la C\u00e1mara Electoral Nacional Corrientes sostiene una tendencia decreciente en materia de afiliados. El 40,1% de afiliados del a\u00f1o 2023 representa el menor porcentaje desde el a\u00f1o 2007 que es la serie de datos disponibles en el sitio de la C\u00e1mara Nacional Electoral.<\/p>\n\n\n\n<p>En 2007 los afiliados representaban el 53,93% del padr\u00f3n electoral, es decir que Corrientes decreci\u00f3 en casi 14 puntos porcentuales. En el a\u00f1o 2022, los afiliados en Corrientes representan el 40,97% del padr\u00f3n electoral y en el a\u00f1o 2021 era del 42,12%. Una d\u00e9cada atr\u00e1s el porcentaje era del 47%.<\/p>\n\n\n\n<p>En el a\u00f1o 2007, cuando Corrientes alcanz\u00f3 el 53,93% de electores afiliados a partidos pol\u00edticos, era la provincia con mayor porcentaje de afiliaciones, superando a Formosa 51,62%, Chaco 46,45%, Jujuy 46,07%.<\/p>\n\n\n\n<figure class=\"wp-block-image\"><img decoding=\"async\" src=\"https:\/\/www.diarioepoca.com\/content\/bucket\/6\/1380046w380h456c.jpg.webp\" alt=\"\"\/><\/figure>\n\n\n\n<h2 class=\"wp-block-heading\">Suman fichas por internas<\/h2>\n\n\n\n<p>Si bien no hubo mayores explicaciones acerca de la creciente apat\u00eda de los ciudadanos con la participaci\u00f3n en la vida de los partidos pol\u00edticos se espera un repunte ya que los dos principales de la provincia est\u00e1n desarrollando afiliaciones masivas por la pr\u00f3xima celebraci\u00f3n de sus comicios internos.<\/p>\n\n\n\n<p>En el caso de la Uni\u00f3n C\u00edvica Radical que elegir\u00e1 sus autoridades de Comit\u00e9 Provincial y Comit\u00e9s de distritos el 27 de octubre ya cerraron el proceso de incorporaci\u00f3n de afiliaciones internas, tr\u00e1mite que desde 2009 no se desarrollaba porque la f\u00e9rrea conducci\u00f3n que supo ejercer Ricardo Colombi impulsaba la elaboraci\u00f3n de listas \u00fanicas y al no haber quien le dispute el liderazgo las autoridades partidarias eran proclamadas en las sucesivas convenciones, este a\u00f1o ser\u00e1 diferente por la fuertes diferencias que tiene con su sucesor Gustavo Vald\u00e9s que aspira a quedarse con la conducci\u00f3n partidaria.<\/p>\n\n\n\n<p>Los que est\u00e1n sumando y trabajan para reactivar la vida interna son los dirigentes de los distintos movimientos internos del Partido Justicialista que elegir\u00e1 conducci\u00f3n el 17 de noviembre y todav\u00eda tiene su proceso de incorporaci\u00f3n de afiliaciones abierto y esperan una gran afluencia de fichas.<\/p>\n\n\n\n<p>Ese d\u00eda terminar\u00e1n con m\u00e1s de un lustro de intervenci\u00f3n partidaria para intentar revitalizar al partido como herramienta electoral que supo ostentar ser la agrupaci\u00f3n pol\u00edtica que en forma individual obten\u00eda la mayor cantidad de votos, aunque la alianza en la que participaban perd\u00eda los comicios a gobernador.<\/p>\n\n\n\n<h2 class=\"wp-block-heading\">P\u00e9rdida de personer\u00eda<\/h2>\n\n\n\n<p>Vale consignar que en el Juzgado Federal tambi\u00e9n se est\u00e1n llevando tr\u00e1mites e intimaciones por riesgo de caducidad de personer\u00eda partidaria, ya que la situaci\u00f3n de p\u00e9rdida de afiliados de los sellos m\u00e1s peque\u00f1os hacen que muchos partidos no sumen la cantidad necesaria para mantener la existencia como sello partidario.<\/p>\n\n\n\n<p>Recientemente desde el cuerpo judicial con competencia electoral se intim\u00f3 a 17 presidentes de partidos a que regularicen la cantidad de afiliados y s\u00f3lo la mitad de los intimados se acerc\u00f3 a iniciar los tr\u00e1mites de incorporaci\u00f3n de afiliaciones.<\/p>\n\n\n\n<p>El lunes venidero se resolver\u00e1 la situaci\u00f3n de estas agrupaciones, las que se espera que tambi\u00e9n aumenten el caudal de afiliados a los sellos partidarios. Vale consignar que para mantener la personer\u00eda deben contar con 3737 afiliados y ese d\u00eda se sabr\u00e1 cuando de esas agrupaciones mantienen su condici\u00f3n de partido habilitado.<\/p>\n\n\n\n<p>Vale consignar que en la Secretaria Electoral se concentra el trabajo de fiscalizaci\u00f3n de validez de las fichas de afiliaci\u00f3n acercadas por los distintos partidos pol\u00edticos y en estos d\u00edas la tarea se concentra en las presentaciones de la Uni\u00f3n C\u00edvica Radical y el Partido Justicialista, seguramente las 8 o 9 agrupaciones que todav\u00eda no complementaron las fichas faltantes para lograr el m\u00ednimo de afiliados, har\u00e1n lo propio en las semanas siguientes.<\/p>\n","protected":false},"excerpt":{"rendered":"<p>En una provincia que tiene 45 sellos federales, uno m\u00e1s en tr\u00e1mite, y casi 80 agrupaciones distritales, cay\u00f3 el inter\u00e9s ciudadano por las entidades pol\u00edticas. En 2007, el 53% de&hellip; <\/p>\n","protected":false},"author":12,"featured_media":160924,"comment_status":"closed","ping_status":"open","sticky":false,"template":"","format":"standard","meta":{"footnotes":""},"categories":[26,1],"tags":[],"class_list":["post-160920","post","type-post","status-publish","format-standard","has-post-thumbnail","hentry","category-destacados","category-informacion-general"],"_links":{"self":[{"href":"https:\/\/corrientesdetarde.com\/index.php\/wp-json\/wp\/v2\/posts\/160920","targetHints":{"allow":["GET"]}}],"collection":[{"href":"https:\/\/corrientesdetarde.com\/index.php\/wp-json\/wp\/v2\/posts"}],"about":[{"href":"https:\/\/corrientesdetarde.com\/index.php\/wp-json\/wp\/v2\/types\/post"}],"author":[{"embeddable":true,"href":"https:\/\/corrientesdetarde.com\/index.php\/wp-json\/wp\/v2\/users\/12"}],"replies":[{"embeddable":true,"href":"https:\/\/corrientesdetarde.com\/index.php\/wp-json\/wp\/v2\/comments?post=160920"}],"version-history":[{"count":1,"href":"https:\/\/corrientesdetarde.com\/index.php\/wp-json\/wp\/v2\/posts\/160920\/revisions"}],"predecessor-version":[{"id":160925,"href":"https:\/\/corrientesdetarde.com\/index.php\/wp-json\/wp\/v2\/posts\/160920\/revisions\/160925"}],"wp:featuredmedia":[{"embeddable":true,"href":"https:\/\/corrientesdetarde.com\/index.php\/wp-json\/wp\/v2\/media\/160924"}],"wp:attachment":[{"href":"https:\/\/corrientesdetarde.com\/index.php\/wp-json\/wp\/v2\/media?parent=160920"}],"wp:term":[{"taxonomy":"category","embeddable":true,"href":"https:\/\/corrientesdetarde.com\/index.php\/wp-json\/wp\/v2\/categories?post=160920"},{"taxonomy":"post_tag","embeddable":true,"href":"https:\/\/corrientesdetarde.com\/index.php\/wp-json\/wp\/v2\/tags?post=160920"}],"curies":[{"name":"wp","href":"https:\/\/api.w.org\/{rel}","templated":true}]}}