{"id":160921,"date":"2024-08-22T08:20:01","date_gmt":"2024-08-22T11:20:01","guid":{"rendered":"https:\/\/corrientesdetarde.com\/?p=160921"},"modified":"2024-08-22T08:27:30","modified_gmt":"2024-08-22T11:27:30","slug":"colectiveros-en-compas-de-espera-con-paro-convocado-por-48-horas","status":"publish","type":"post","link":"https:\/\/corrientesdetarde.com\/index.php\/informacion-general\/colectiveros-en-compas-de-espera-con-paro-convocado-por-48-horas\/","title":{"rendered":"Colectiveros en comp\u00e1s de espera con paro convocado por 48 horas"},"content":{"rendered":"\n<p>La huelga fue anunciada por el gremio nacional, en tanto que desde la filial local informaron de una instancia de di\u00e1logo. Desde la FATAP expusieron la cr\u00edtica situaci\u00f3n de las empresas por las tarifas inadecuadas y la eliminaci\u00f3n de subsidios nacionales.<a href=\"https:\/\/api.whatsapp.com\/send?text=Colectiveros%20en%20comp%C3%A1s%20de%20espera%20con%20paro%20convocado%20por%2048%20horas%20-%20https:\/\/www.diarioepoca.com\/1330277-colectiveros-en-compas-de-espera-con-paro-convocado-por-48-horas?utm_source=WhatsApp%26utm_medium=WhatsApp%26utm_campaign=WhatsApp%26utm_term=WhatsApp\" target=\"_blank\" rel=\"noreferrer noopener\"><\/a><a href=\"https:\/\/www.diarioepoca.com\/1330277-colectiveros-en-compas-de-espera-con-paro-convocado-por-48-horas#\"><\/a><a href=\"https:\/\/www.diarioepoca.com\/1330277-colectiveros-en-compas-de-espera-con-paro-convocado-por-48-horas#\"><\/a><\/p>\n\n\n\n<p>En Corrientes, los choferes de colectivos entraron en un comp\u00e1s de espera para implementar el paro por 48 horas convocado por la Uni\u00f3n Tranviarios Automotor nacional (UTA) para casi todas las jurisdicciones del interior por falta de acuerdo salarial con los empresarios. Desde el gremio local informaron que hoy, por la ma\u00f1ana, resolver\u00e1n los pasos a seguir en funci\u00f3n de la posibilidad de un di\u00e1logo con las patronales.<\/p>\n\n\n\n<p>El conflicto tiene varias aristas y una de ellas es la cuesti\u00f3n salarial que el gremio quiere equiparar los ingresos de sus afiliados a los que perciben los choferes del \u00c1rea Metropolitana de Buenos Aires (AMBA), donde las empresas son privilegiadas por los subsidios del Gobierno nacional que fueron anulados para todas las jurisdicciones del interior y la falta de actualizaci\u00f3n de tarifas en casi todos los distritos. Desde la FATAP argumentaron que no pueden satisfacer los reclamos gremiales por &#8220;las condiciones econ\u00f3micas desfavorables en el interior y hacen insostenible el servicio sin un aumento en los subsidios&#8221;.<\/p>\n\n\n\n<p>&#8220;La falta de subsidios y las tarifas inadecuadas nos llevaron a una situaci\u00f3n cr\u00edtica&#8221;, afirmaron, destacando que la eliminaci\u00f3n de los subsidios nacionales solo profundiza las diferencias con el AMBA.<\/p>\n\n\n\n<p>La huelga afectar\u00e1 tanto los servicios urbanos como interurbanos, lo que pone en evidencia las profundas asimetr\u00edas en la distribuci\u00f3n de subsidios entre el AMBA y las provincias.<\/p>\n\n\n\n<p>Desde la C\u00e1mara empresarial argumentaron que &#8220;la situaci\u00f3n estructural del sector es cr\u00edtica, debido a la combinaci\u00f3n de &#8220;tarifas inadecuadas, subsidios insuficientes y el creciente costo operativo&#8221;. A estos factores se suma la eliminaci\u00f3n de los subsidios nacionales al transporte en el interior, lo que agrava a\u00fan m\u00e1s la crisis. &#8220;La paralizaci\u00f3n de los servicios no har\u00e1 m\u00e1s que profundizar la crisis del sector y de las empresas, lo que podr\u00eda ocasionar el cese definitivo de las actividades de muchas de ellas&#8221;, advirtieron desde FATAP, exigiendo la intervenci\u00f3n urgente de las autoridades nacionales para evitar un colapso del sistema de transporte en el interior.<\/p>\n\n\n\n<p>Mientras que la regi\u00f3n metropolitana cuenta con un apoyo sustancial del Gobierno nacional, el resto del pa\u00eds enfrenta un panorama de desfinanciamiento que compromete seriamente la operatividad del transporte p\u00fablico. Pero no todo el interior ir\u00e1 a la huelga porque hubo jurisdicciones en las cuales se logr\u00f3 acuerdos salariales como Tucum\u00e1n, Mendoza, Bariloche y Rosario, donde el servicio de transporte est\u00e1 garantizado.<\/p>\n\n\n\n<h2 class=\"wp-block-heading\">Situaci\u00f3n a nivel local<\/h2>\n\n\n\n<p>En un informe difundido por la La C\u00e1mara de Empresas de Transporte Urbano de Corrientes (CETUP), los empresarios advierten una ca\u00edda interanual de pasajeros que pagan la tarifa normal o plana de m\u00e1s 46%, entre el primer semestre del a\u00f1o 2023 y 2024. Pero, a contramano de lo que sucede con las tarifas planas, las gratuidades del sistema han crecido 44% en total.<\/p>\n\n\n\n<p>Durante el primer semestre de 2024, frente igual per\u00edodo del 2023, aumentaron en forma exponencial los usuarios de gratuidades por discapacidad, cuando se deber\u00edan mantener en los mismos par\u00e1metros, y se ha verificado un aumento de las gratuidades que otorga la Municipalidad de Corrientes en un 41%, cuando solo se deben otorgar a inspectores de \u00e1rea de la Subsecretar\u00eda de Transporte.<\/p>\n\n\n\n<p>Por estos motivos, desde la CETUC se solicit\u00f3 la actualizaci\u00f3n de la tarifa del boleto y emiti\u00f3 un informe en el que advierten una fort\u00edsima ca\u00edda de pasajeros de tarifa \u00fanica y un aumento indiscriminado y sin control de las gratuidades.<\/p>\n\n\n\n<p>Respecto a la solicitud del incremento en el precio del boleto, la CETUC se\u00f1al\u00f3 que los costos para el sostenimiento del servicio (en el que se incluyen los millonarios sueldos de los choferes) superan los ingresos por las tarifas vigentes.<\/p>\n","protected":false},"excerpt":{"rendered":"<p>La huelga fue anunciada por el gremio nacional, en tanto que desde la filial local informaron de una instancia de di\u00e1logo. Desde la FATAP expusieron la cr\u00edtica situaci\u00f3n de las&hellip; <\/p>\n","protected":false},"author":12,"featured_media":160922,"comment_status":"closed","ping_status":"open","sticky":false,"template":"","format":"standard","meta":{"footnotes":""},"categories":[26,1],"tags":[],"class_list":["post-160921","post","type-post","status-publish","format-standard","has-post-thumbnail","hentry","category-destacados","category-informacion-general"],"_links":{"self":[{"href":"https:\/\/corrientesdetarde.com\/index.php\/wp-json\/wp\/v2\/posts\/160921","targetHints":{"allow":["GET"]}}],"collection":[{"href":"https:\/\/corrientesdetarde.com\/index.php\/wp-json\/wp\/v2\/posts"}],"about":[{"href":"https:\/\/corrientesdetarde.com\/index.php\/wp-json\/wp\/v2\/types\/post"}],"author":[{"embeddable":true,"href":"https:\/\/corrientesdetarde.com\/index.php\/wp-json\/wp\/v2\/users\/12"}],"replies":[{"embeddable":true,"href":"https:\/\/corrientesdetarde.com\/index.php\/wp-json\/wp\/v2\/comments?post=160921"}],"version-history":[{"count":1,"href":"https:\/\/corrientesdetarde.com\/index.php\/wp-json\/wp\/v2\/posts\/160921\/revisions"}],"predecessor-version":[{"id":160923,"href":"https:\/\/corrientesdetarde.com\/index.php\/wp-json\/wp\/v2\/posts\/160921\/revisions\/160923"}],"wp:featuredmedia":[{"embeddable":true,"href":"https:\/\/corrientesdetarde.com\/index.php\/wp-json\/wp\/v2\/media\/160922"}],"wp:attachment":[{"href":"https:\/\/corrientesdetarde.com\/index.php\/wp-json\/wp\/v2\/media?parent=160921"}],"wp:term":[{"taxonomy":"category","embeddable":true,"href":"https:\/\/corrientesdetarde.com\/index.php\/wp-json\/wp\/v2\/categories?post=160921"},{"taxonomy":"post_tag","embeddable":true,"href":"https:\/\/corrientesdetarde.com\/index.php\/wp-json\/wp\/v2\/tags?post=160921"}],"curies":[{"name":"wp","href":"https:\/\/api.w.org\/{rel}","templated":true}]}}