{"id":160942,"date":"2024-08-22T10:06:47","date_gmt":"2024-08-22T13:06:47","guid":{"rendered":"https:\/\/corrientesdetarde.com\/?p=160942"},"modified":"2024-08-22T11:35:37","modified_gmt":"2024-08-22T14:35:37","slug":"angel-de-brito-se-harto-de-furia-de-gran-hermano-y-la-hundio-con-cinco-frases-hirientes","status":"publish","type":"post","link":"https:\/\/corrientesdetarde.com\/index.php\/espectaculos\/angel-de-brito-se-harto-de-furia-de-gran-hermano-y-la-hundio-con-cinco-frases-hirientes\/","title":{"rendered":"\u00c1ngel de Brito se hart\u00f3 de Furia de Gran Hermano y la hundi\u00f3 con cinco frases hirientes"},"content":{"rendered":"\n<p><strong>Juliana Scaglione<\/strong>&nbsp;caus\u00f3 un esc\u00e1ndalo tras su viaje a&nbsp;<strong>Uruguay<\/strong>. La exparticipante de<em>&nbsp;Gran Hermano 2023 (Telefe)&nbsp;<\/em>apunt\u00f3 contra la prensa que quiso hacerle notas en un evento y acus\u00f3 al programa de<strong>&nbsp;\u00c1ngel de Brito<\/strong>de&nbsp;<strong>\u201chostigarla\u201d<\/strong>.<\/p>\n\n\n\n<p>A trav\u00e9s de un posteo que subi\u00f3 a su Instagram, Furia asegur\u00f3 que<em>\u00a0LAM (Am\u00e9rica)\u00a0<\/em>la sigui\u00f3 hasta Montevideo para<strong>\u00a0\u201cmaltratarla\u201d<\/strong>. Por eso, el conductor del ciclo de espect\u00e1culos reaccion\u00f3 y\u00a0<strong>la hundi\u00f3 con cinco frases hirientes<\/strong><\/p>\n\n\n\n<p>\u201cAlguien le puede avisar a Furia\u201d, escribi\u00f3 \u00c1ngel en su cuenta de Twitter.&nbsp;<strong>\u201cNo tenemos ni mandamos cronista a Uruguay\u201d<\/strong>, fue el primer punto que busc\u00f3 aclarar ya que la persona que quiso entrevistar a la exparticipante es un periodista que vive en el pa\u00eds vecino y que cubre para el canal.<\/p>\n\n\n\n<figure class=\"wp-block-image\"><img decoding=\"async\" src=\"https:\/\/tn.com.ar\/resizer\/v2\/angel-de-brito-y-su-descargo-contra-furia-foto-captura-twitterangeldebritook-O74JA5OI2RCKPFNRVXO5CSUXEQ.JPG?auth=9f6cede89b0f0869a333d740d406d3cdf3f4ff10f99a19173f0213ff2249eaf9&amp;width=767\" alt=\"\u00c1ngel de Brito y su descargo contra Furia. (Foto: captura Twitter\/angeldebritook)\"\/><figcaption class=\"wp-element-caption\">\u00c1ngel de Brito y su descargo contra Furia. (Foto: captura Twitter\/angeldebritook)<\/figcaption><\/figure>\n\n\n\n<p>\u201cNo sabe de redes ni de televisi\u00f3n,<strong>&nbsp;solo fue la sexta eliminada de un reality<\/strong>\u201d, le dijo de Brito en segunda instancia. Esta frase es una de las m\u00e1s hirientes para la entrenadora deportiva ya que ella se considera la ganadora del programa.<\/p>\n\n\n\n<p>\u201cQue escriba en castellano\u201d, critic\u00f3 el periodista de espect\u00e1culos por la redacci\u00f3n de Furia. \u201cHace meses no es noticia para nosotros\u201d, asegur\u00f3 tambi\u00e9n. Y, por \u00faltimo, fue letal con la exjugadora:<strong>&nbsp;\u201cNos re\u00edmos de ella, no con ella\u201d<\/strong>.<\/p>\n\n\n\n<h2 class=\"wp-block-heading\">Por qu\u00e9 Furia acus\u00f3 a \u201cLAM\u201d de hostigarla: \u201cVinieron a Uruguay a maltratarme\u201d<\/h2>\n\n\n\n<p>\u201cPor la noche realic\u00e9 la acci\u00f3n ben\u00e9fica, en el evento m\u00e1s grande: la cena de famosos.<strong>&nbsp;Conoc\u00ed figuras incre\u00edbles<\/strong>, estuve sentada en una mesa con figuras tan importantes como Walter y&nbsp;<strong>Roberto Piazza<\/strong>. No lo pod\u00eda creer\u201d, dijo Juliana en su posteo de Instagram por su viaje a Montevideo.<\/p>\n\n\n\n<p>Acto seguido, Furia se despach\u00f3 con la prensa: \u201cConect\u00e9 con mucha gente, que realmente vibran en buena energ\u00eda. Cabe destacar el hermoso lugar que me brind\u00f3 Juan y sus organizadores, tambi\u00e9n a la prensa, que me recibieron excelente,&nbsp;<strong>salvo por Am\u00e9rica TV que siempre quiere arruinar todo. \u00a1Asco!<\/strong>\u201d.<\/p>\n\n\n\n<figure class=\"wp-block-image\"><img decoding=\"async\" src=\"https:\/\/tn.com.ar\/resizer\/v2\/https%3A%2F%2Fthumbs.vodgc.net%2F44702C6E46128B4F18008D87426CB13D745-1724236871.jpg?auth=74bb023d49f8e2c496c806c714b1f0db574581e60dcc8f10ebf4d68d5653f539&amp;width=767\" alt=\"Video Placeholder\"\/><\/figure>\n\n\n\n<p>Furia increp\u00f3 al periodista Gustavo Descalzi y a los organizadores del evento. (Foto: captura Twitter\/elejercitodelam)<\/p>\n\n\n\n<p>\u201c<strong>Agradecer enormemente a los agentes de seguridad que me ayudaron a que&nbsp;<\/strong><em><strong>LAM (Am\u00e9rica)<\/strong><\/em><strong>&nbsp;deje de hostigarme, como lo suele hacer en Buenos Aires<\/strong>\u201d, dispar\u00f3 indignada.<\/p>\n\n\n\n<p>En esa l\u00ednea, Scaglione a\u00f1adi\u00f3: \u201c<strong>Imag\u00ednense lo importante que soy que hasta vinieron a Uruguay a maltratarme<\/strong>\u201d. \u201cLes deseo mucha paz y brillo a ellos, porque no lo tienen. Y ojal\u00e1 aprendan a que tienen que trabajar duro por el rating, porque solamente para levantar sus redes me tienen a m\u00ed. Qu\u00e9 l\u00e1stima \u00bfno? \u00bfNo se les ocurre otro tipo de contenido? Ah, no. No tienen buenas ideas\u201d, sum\u00f3 intempestiva.<\/p>\n\n\n\n<p>Por \u00faltimo, la actriz doble de riesgo concluy\u00f3: \u201c\u00a1Lo pas\u00e9 tan pero tan bien, que<strong>&nbsp;no podr\u00e1n ni siquiera opacar mi sonrisa<\/strong>! \u00a1Gracias Uruguay por tanto! Nos vemos pronto\u201d.<\/p>\n","protected":false},"excerpt":{"rendered":"<p>Juliana Scaglione&nbsp;caus\u00f3 un esc\u00e1ndalo tras su viaje a&nbsp;Uruguay. La exparticipante de&nbsp;Gran Hermano 2023 (Telefe)&nbsp;apunt\u00f3 contra la prensa que quiso hacerle notas en un evento y acus\u00f3 al programa de&nbsp;\u00c1ngel de&hellip; <\/p>\n","protected":false},"author":12,"featured_media":160987,"comment_status":"closed","ping_status":"open","sticky":false,"template":"","format":"standard","meta":{"footnotes":""},"categories":[19],"tags":[],"class_list":["post-160942","post","type-post","status-publish","format-standard","has-post-thumbnail","hentry","category-espectaculos"],"_links":{"self":[{"href":"https:\/\/corrientesdetarde.com\/index.php\/wp-json\/wp\/v2\/posts\/160942","targetHints":{"allow":["GET"]}}],"collection":[{"href":"https:\/\/corrientesdetarde.com\/index.php\/wp-json\/wp\/v2\/posts"}],"about":[{"href":"https:\/\/corrientesdetarde.com\/index.php\/wp-json\/wp\/v2\/types\/post"}],"author":[{"embeddable":true,"href":"https:\/\/corrientesdetarde.com\/index.php\/wp-json\/wp\/v2\/users\/12"}],"replies":[{"embeddable":true,"href":"https:\/\/corrientesdetarde.com\/index.php\/wp-json\/wp\/v2\/comments?post=160942"}],"version-history":[{"count":3,"href":"https:\/\/corrientesdetarde.com\/index.php\/wp-json\/wp\/v2\/posts\/160942\/revisions"}],"predecessor-version":[{"id":160990,"href":"https:\/\/corrientesdetarde.com\/index.php\/wp-json\/wp\/v2\/posts\/160942\/revisions\/160990"}],"wp:featuredmedia":[{"embeddable":true,"href":"https:\/\/corrientesdetarde.com\/index.php\/wp-json\/wp\/v2\/media\/160987"}],"wp:attachment":[{"href":"https:\/\/corrientesdetarde.com\/index.php\/wp-json\/wp\/v2\/media?parent=160942"}],"wp:term":[{"taxonomy":"category","embeddable":true,"href":"https:\/\/corrientesdetarde.com\/index.php\/wp-json\/wp\/v2\/categories?post=160942"},{"taxonomy":"post_tag","embeddable":true,"href":"https:\/\/corrientesdetarde.com\/index.php\/wp-json\/wp\/v2\/tags?post=160942"}],"curies":[{"name":"wp","href":"https:\/\/api.w.org\/{rel}","templated":true}]}}