{"id":160960,"date":"2024-08-22T10:39:28","date_gmt":"2024-08-22T13:39:28","guid":{"rendered":"https:\/\/corrientesdetarde.com\/?p=160960"},"modified":"2024-08-22T10:39:33","modified_gmt":"2024-08-22T13:39:33","slug":"corrientes-es-la-provincia-del-nea-con-mayor-crecimiento-de-empleo-privado-en-la-ultima-decada","status":"publish","type":"post","link":"https:\/\/corrientesdetarde.com\/index.php\/informacion-general\/corrientes-es-la-provincia-del-nea-con-mayor-crecimiento-de-empleo-privado-en-la-ultima-decada\/","title":{"rendered":"Corrientes es la provincia del NEA con mayor crecimiento de empleo privado en la \u00faltima d\u00e9cada"},"content":{"rendered":"\n<p>El Instituto Provincial de Estad\u00edstica y Ciencia de Datos inform\u00f3 que en Corrientes, la cantidad de asalariados registrados del sector privado acumul\u00f3 un crecimiento de 11,1% desde 2013 a 2023. Este crecimiento ubica a la provincia entre las 5 con mayor crecimiento del pa\u00eds en empleo privado registrado entre esos a\u00f1os.&nbsp;<\/p>\n\n\n\n<p>La provincia de Corrientes pas\u00f3 de tener 71.674 asalariados registrados privados en 2013 a 79.652 en 2023, lo que represent\u00f3 una variaci\u00f3n de 11,1%, superior al promedio nacional de 3,7% y de la regi\u00f3n del NEA de 5,4%.<\/p>\n\n\n\n<p>A nivel nacional, la cantidad de asalariados registrados privados ascendi\u00f3 desde 6.147.924 en 2013 a 6.377.460 en 2023, resultando una variaci\u00f3n del 3,7%. En conjunto, la regi\u00f3n del NEA pas\u00f3 de 269.827 asalariados privados registrados en 2013 a 284.357 en 2023, lo que refleja una variaci\u00f3n de 5,4%. Formosa registr\u00f3 27.321 en 2013 y 24.104 en 2023, equivalente a un descenso de 11,8%; Chaco creci\u00f3 5,6%, pasando de 72.713 en 2013 a 76.758 en 2023; por su lado, Misiones registr\u00f3 un crecimiento de 5,8%, desde 98.119 en 2013 a 103.843 en 2023. &nbsp;<\/p>\n\n\n\n<p>En cuanto a los sectores econ\u00f3micos de la provincia, los que registraron un mayor crecimiento del empleo privado registrado fueron: el industrial con 13%; minas y canteras con 21%; comercio al por menor y por mayor con 26%; turismo con 30% y ense\u00f1anza con 45%.&nbsp;<\/p>\n\n\n\n<p>El crecimiento del empleo asalariado registrado privado en Corrientes se condice con las pol\u00edticas p\u00fablicas provinciales aplicadas, como la creaci\u00f3n de m\u00e1s parques industriales y el fomento del turismo, como as\u00ed tambi\u00e9n el impulso al sector primario. De esta manera, la tendencia observada posiciona a Corrientes como una provincia que busca fortalecer sectores estrat\u00e9gicos, tales como la industria manufacturera, la energ\u00eda, la silvicultura, el comercio y el turismo.<\/p>\n\n\n","protected":false},"excerpt":{"rendered":"<p>El Instituto Provincial de Estad\u00edstica y Ciencia de Datos inform\u00f3 que en Corrientes, la cantidad de asalariados registrados del sector privado acumul\u00f3 un crecimiento de 11,1% desde 2013 a 2023.&hellip; <\/p>\n","protected":false},"author":12,"featured_media":160967,"comment_status":"closed","ping_status":"open","sticky":false,"template":"","format":"standard","meta":{"footnotes":""},"categories":[1],"tags":[],"class_list":["post-160960","post","type-post","status-publish","format-standard","has-post-thumbnail","hentry","category-informacion-general"],"_links":{"self":[{"href":"https:\/\/corrientesdetarde.com\/index.php\/wp-json\/wp\/v2\/posts\/160960","targetHints":{"allow":["GET"]}}],"collection":[{"href":"https:\/\/corrientesdetarde.com\/index.php\/wp-json\/wp\/v2\/posts"}],"about":[{"href":"https:\/\/corrientesdetarde.com\/index.php\/wp-json\/wp\/v2\/types\/post"}],"author":[{"embeddable":true,"href":"https:\/\/corrientesdetarde.com\/index.php\/wp-json\/wp\/v2\/users\/12"}],"replies":[{"embeddable":true,"href":"https:\/\/corrientesdetarde.com\/index.php\/wp-json\/wp\/v2\/comments?post=160960"}],"version-history":[{"count":2,"href":"https:\/\/corrientesdetarde.com\/index.php\/wp-json\/wp\/v2\/posts\/160960\/revisions"}],"predecessor-version":[{"id":160970,"href":"https:\/\/corrientesdetarde.com\/index.php\/wp-json\/wp\/v2\/posts\/160960\/revisions\/160970"}],"wp:featuredmedia":[{"embeddable":true,"href":"https:\/\/corrientesdetarde.com\/index.php\/wp-json\/wp\/v2\/media\/160967"}],"wp:attachment":[{"href":"https:\/\/corrientesdetarde.com\/index.php\/wp-json\/wp\/v2\/media?parent=160960"}],"wp:term":[{"taxonomy":"category","embeddable":true,"href":"https:\/\/corrientesdetarde.com\/index.php\/wp-json\/wp\/v2\/categories?post=160960"},{"taxonomy":"post_tag","embeddable":true,"href":"https:\/\/corrientesdetarde.com\/index.php\/wp-json\/wp\/v2\/tags?post=160960"}],"curies":[{"name":"wp","href":"https:\/\/api.w.org\/{rel}","templated":true}]}}