{"id":161174,"date":"2024-08-23T08:25:45","date_gmt":"2024-08-23T11:25:45","guid":{"rendered":"https:\/\/corrientesdetarde.com\/?p=161174"},"modified":"2024-08-23T08:25:49","modified_gmt":"2024-08-23T11:25:49","slug":"dejaron-sin-efecto-la-prohibicion-de-estacionamiento-en-la-avenida-alfonsin","status":"publish","type":"post","link":"https:\/\/corrientesdetarde.com\/index.php\/actualidad\/dejaron-sin-efecto-la-prohibicion-de-estacionamiento-en-la-avenida-alfonsin\/","title":{"rendered":"Dejaron sin efecto la prohibici\u00f3n de estacionamiento en la avenida Alfons\u00edn"},"content":{"rendered":"\n<p>El propio intendente de Capital, Eduardo Tassano, dio la informaci\u00f3n. La reuni\u00f3n se dio luego de que comerciantes y vecinos de la avenida Alfons\u00edn reclamaran e hicieran un piquete. Es que aseguraban que la prohibici\u00f3n de estacionamiento minaba sus posibilidades comerciales, ya que no hay pr\u00e1cticamente alternativas de aparcamiento en la zona (ni d\u00e1rsenas ni calles laterales en buen estado).<\/p>\n\n\n\n<p>Finalmente, con la decisi\u00f3n del Ejecutivo Municipal la situaci\u00f3n se destrab\u00f3.<\/p>\n","protected":false},"excerpt":{"rendered":"<p>El propio intendente de Capital, Eduardo Tassano, dio la informaci\u00f3n. La reuni\u00f3n se dio luego de que comerciantes y vecinos de la avenida Alfons\u00edn reclamaran e hicieran un piquete. Es&hellip; <\/p>\n","protected":false},"author":1,"featured_media":161178,"comment_status":"closed","ping_status":"open","sticky":false,"template":"","format":"standard","meta":{"footnotes":""},"categories":[23],"tags":[],"class_list":["post-161174","post","type-post","status-publish","format-standard","has-post-thumbnail","hentry","category-actualidad"],"_links":{"self":[{"href":"https:\/\/corrientesdetarde.com\/index.php\/wp-json\/wp\/v2\/posts\/161174","targetHints":{"allow":["GET"]}}],"collection":[{"href":"https:\/\/corrientesdetarde.com\/index.php\/wp-json\/wp\/v2\/posts"}],"about":[{"href":"https:\/\/corrientesdetarde.com\/index.php\/wp-json\/wp\/v2\/types\/post"}],"author":[{"embeddable":true,"href":"https:\/\/corrientesdetarde.com\/index.php\/wp-json\/wp\/v2\/users\/1"}],"replies":[{"embeddable":true,"href":"https:\/\/corrientesdetarde.com\/index.php\/wp-json\/wp\/v2\/comments?post=161174"}],"version-history":[{"count":1,"href":"https:\/\/corrientesdetarde.com\/index.php\/wp-json\/wp\/v2\/posts\/161174\/revisions"}],"predecessor-version":[{"id":161179,"href":"https:\/\/corrientesdetarde.com\/index.php\/wp-json\/wp\/v2\/posts\/161174\/revisions\/161179"}],"wp:featuredmedia":[{"embeddable":true,"href":"https:\/\/corrientesdetarde.com\/index.php\/wp-json\/wp\/v2\/media\/161178"}],"wp:attachment":[{"href":"https:\/\/corrientesdetarde.com\/index.php\/wp-json\/wp\/v2\/media?parent=161174"}],"wp:term":[{"taxonomy":"category","embeddable":true,"href":"https:\/\/corrientesdetarde.com\/index.php\/wp-json\/wp\/v2\/categories?post=161174"},{"taxonomy":"post_tag","embeddable":true,"href":"https:\/\/corrientesdetarde.com\/index.php\/wp-json\/wp\/v2\/tags?post=161174"}],"curies":[{"name":"wp","href":"https:\/\/api.w.org\/{rel}","templated":true}]}}