{"id":161183,"date":"2024-08-23T08:33:06","date_gmt":"2024-08-23T11:33:06","guid":{"rendered":"https:\/\/corrientesdetarde.com\/?p=161183"},"modified":"2024-08-23T08:47:38","modified_gmt":"2024-08-23T11:47:38","slug":"anses-oficializo-el-aumento-de-403-para-jubilaciones-y-pensiones-en-septiembre","status":"publish","type":"post","link":"https:\/\/corrientesdetarde.com\/index.php\/sociales\/anses-oficializo-el-aumento-de-403-para-jubilaciones-y-pensiones-en-septiembre\/","title":{"rendered":"ANSES oficializ\u00f3 el aumento de 4,03% para jubilaciones y pensiones en septiembre"},"content":{"rendered":"\n<p>El Gobierno oficializ\u00f3 el aumento del 4,03% para las jubilaciones, pensiones y otras prestaciones que paga la ANSES que percibir\u00e1n en septiembre, seg\u00fan la f\u00f3rmula de movilidad jubilatoria del DNU 274. As\u00ed, la jubilaci\u00f3n m\u00ednima pasar\u00e1 de $225.454,42 a $234.540,23 en el noveno mes.<\/p>\n\n\n\n<p>&nbsp;<br>De acuerdo con los considerandos de la resoluci\u00f3n 588 de la ANSES, publicada este viernes 23 de agosto en el Bolet\u00edn Oficial, los haberes m\u00e1ximos desde septiembre quedaron en $1.578.233,72.<\/p>\n\n\n\n<p>La ANSES tambi\u00e9n fij\u00f3 las bases imponibles para las remuneraciones, que impactar\u00e1n en Ganancias con la restituci\u00f3n del gravamen. As\u00ed, el m\u00ednimo qued\u00f3 en $78.993,11 y el m\u00e1ximo sobre el que se puede cobrar impuestos ser\u00e1 $2.567.238,86 a partir del noveno mes de 2024.<\/p>\n\n\n\n<p>La oficializaci\u00f3n se da luego de que el Senado aprob\u00f3 la reforma jubilatoria que propone un nuevo sistema de actualizaciones en los haberes. Implica el pago de un extra del 8,1% a los jubilados y pensionados de la ANSES, para recomponer sus ingresos durante la fuerte inflaci\u00f3n de enero, que cerr\u00f3 en 20,6% y el Ejecutivo reconoci\u00f3 el 12,5%.<\/p>\n\n\n\n<p><strong>Jubilaciones y pensiones de ANSES: c\u00f3mo quedan los haberes con aumento en septiembre de 2024<\/strong><\/p>\n\n\n\n<p><br>Desde julio de 2024, las jubilaciones y pensiones se ajustan con el \u00faltimo dato disponible del \u00edndice de precios (IPC). De acuerdo con lo informado por ANSES, los haberes quedan en septiembre de la siguiente manera:<\/p>\n\n\n\n<p>La jubilaci\u00f3n m\u00ednima: $234.540,23;<\/p>\n\n\n\n<p><br>La jubilaci\u00f3n m\u00e1xima: $1.578.233,72;<\/p>\n\n\n\n<p><br>La Pensi\u00f3n Universal de Adultos Mayores (PUAM): $187.632,18;<\/p>\n\n\n\n<p><br>Las Pensiones no Contributivas (PNC): $164.178,15;<\/p>\n\n\n\n<p>La Prestaci\u00f3n B\u00e1sica Universal (PBU): $107.291,45.<br>&nbsp; &nbsp;&nbsp;<br>Aumento AUH y otras asignaciones de ANSES: cu\u00e1nto cobrar\u00e1n en septiembre de 2024<\/p>\n\n\n\n<p><br>En septiembre, la AUH y otras asignaciones tambi\u00e9n tendr\u00e1n un incremento del 4,03%. Los nuevos montos:<\/p>\n\n\n\n<p>La Asignaci\u00f3n Universal por Hijo (AUH): $84.250,40<\/p>\n\n\n\n<p><br>La Asignaci\u00f3n Universal por Embarazo (AUE): $84.250,40.<\/p>\n\n\n\n<p><br>La asignaci\u00f3n por hijo del sistema CUNA (exSUAF): $42.138.<\/p>\n\n\n\n<p>Las principales claves de la f\u00f3rmula jubilatoria que aprob\u00f3 el Senado<\/p>\n\n\n\n<p><br>El Senado aprob\u00f3 este jueves el proyecto de ley que cambia la f\u00f3rmula de movilidad jubilatoria que dispuso el Gobierno a trav\u00e9s del DNU 274. El proyecto tiene como fin dejar atr\u00e1s la f\u00f3rmula de movilidad jubilatoria que Javier Milei dispuso mediante el DNU 274 y establecer la recuperaci\u00f3n de haberes previsionales. A continuaci\u00f3n, los cinco puntos claves al respecto:<\/p>\n\n\n\n<p>La nueva f\u00f3rmula jubilatoria implica una actualizaci\u00f3n de los haberes de forma mensual en l\u00ednea con el \u00edndice de precios (IPC) que publica el INDEC. En ning\u00fan caso, su aplicaci\u00f3n podr\u00e1 producir la disminuci\u00f3n del haber que percibe el beneficiario.<\/p>\n\n\n\n<p><br>El proyecto que fue tra este jueves en el Senado tiene como fin ci\u00f3n de la variaci\u00f3n de la Remuneraci\u00f3n Imponible Promedio de los Trabajadores Estables (RIPTE) por sobre la variaci\u00f3n de la inflaci\u00f3n del a\u00f1o anterior. Si esta variaci\u00f3n no hubiera sido positiva, no se aplicar\u00e1 ajuste alguno.<\/p>\n\n\n\n<p><br>Por \u00fanica vez, los jubilados y pensionados recibir\u00e1n un extra del 8,1% en sus haberes en concepto de recomposici\u00f3n. Se trata de un adicional al 12,6% que recibieron en marzo. Al sumar ambos porcentajes, arroja un equivalente al IPC de enero.<\/p>\n\n\n\n<p><br>Quienes cobren un solo beneficio previsional, la ANSES otorgar\u00e1 un plus en car\u00e1cter alimentario. Ser\u00e1 igual al valor de la Canasta B\u00e1sica Total de un adulto multiplicado por 1,09. De esta manera cobrar\u00e1n $317.704,19, ya que la CBT de julio fue de $291.471,73.<\/p>\n\n\n\n<p><br>El proyecto busca que la ANSES cancele las deudas de los beneficiarios del Sistema Integrado Previsional Argentino (SIPA) que cuenten con sentencia firme, dentro de un plazo de seis meses a partir de la promulgaci\u00f3n de la ley y ser\u00e1 prorrogable por otros seis meses.<\/p>\n","protected":false},"excerpt":{"rendered":"<p>El Gobierno oficializ\u00f3 el aumento del 4,03% para las jubilaciones, pensiones y otras prestaciones que paga la ANSES que percibir\u00e1n en septiembre, seg\u00fan la f\u00f3rmula de movilidad jubilatoria del DNU&hellip; <\/p>\n","protected":false},"author":1,"featured_media":52362,"comment_status":"closed","ping_status":"open","sticky":false,"template":"","format":"standard","meta":{"footnotes":""},"categories":[23,20,17],"tags":[],"class_list":["post-161183","post","type-post","status-publish","format-standard","has-post-thumbnail","hentry","category-actualidad","category-economia","category-sociales"],"_links":{"self":[{"href":"https:\/\/corrientesdetarde.com\/index.php\/wp-json\/wp\/v2\/posts\/161183","targetHints":{"allow":["GET"]}}],"collection":[{"href":"https:\/\/corrientesdetarde.com\/index.php\/wp-json\/wp\/v2\/posts"}],"about":[{"href":"https:\/\/corrientesdetarde.com\/index.php\/wp-json\/wp\/v2\/types\/post"}],"author":[{"embeddable":true,"href":"https:\/\/corrientesdetarde.com\/index.php\/wp-json\/wp\/v2\/users\/1"}],"replies":[{"embeddable":true,"href":"https:\/\/corrientesdetarde.com\/index.php\/wp-json\/wp\/v2\/comments?post=161183"}],"version-history":[{"count":2,"href":"https:\/\/corrientesdetarde.com\/index.php\/wp-json\/wp\/v2\/posts\/161183\/revisions"}],"predecessor-version":[{"id":161192,"href":"https:\/\/corrientesdetarde.com\/index.php\/wp-json\/wp\/v2\/posts\/161183\/revisions\/161192"}],"wp:featuredmedia":[{"embeddable":true,"href":"https:\/\/corrientesdetarde.com\/index.php\/wp-json\/wp\/v2\/media\/52362"}],"wp:attachment":[{"href":"https:\/\/corrientesdetarde.com\/index.php\/wp-json\/wp\/v2\/media?parent=161183"}],"wp:term":[{"taxonomy":"category","embeddable":true,"href":"https:\/\/corrientesdetarde.com\/index.php\/wp-json\/wp\/v2\/categories?post=161183"},{"taxonomy":"post_tag","embeddable":true,"href":"https:\/\/corrientesdetarde.com\/index.php\/wp-json\/wp\/v2\/tags?post=161183"}],"curies":[{"name":"wp","href":"https:\/\/api.w.org\/{rel}","templated":true}]}}