{"id":161219,"date":"2024-08-23T12:03:37","date_gmt":"2024-08-23T15:03:37","guid":{"rendered":"https:\/\/corrientesdetarde.com\/?p=161219"},"modified":"2024-08-23T12:03:49","modified_gmt":"2024-08-23T15:03:49","slug":"eligieron-los-trabajos-que-representaran-a-corrientes-en-el-nacional-de-ciencia-y-tecnologia","status":"publish","type":"post","link":"https:\/\/corrientesdetarde.com\/index.php\/sociales\/eligieron-los-trabajos-que-representaran-a-corrientes-en-el-nacional-de-ciencia-y-tecnologia\/","title":{"rendered":"Eligieron los trabajos que representar\u00e1n a Corrientes en el Nacional de Ciencia y Tecnolog\u00eda"},"content":{"rendered":"\n<p>Luego de dos d\u00edas de exposici\u00f3n en el Centro de Educaci\u00f3n F\u00edsica CEF N\u00b0 1 finaliz\u00f3 la Feria Provincial de Ciencia y Tecnolog\u00eda en su edici\u00f3n Steam 2024. Los trabajos seleccionados est\u00e1n en condiciones de pasar a la pr\u00f3xima instancia.<\/p>\n\n\n\n<p>La Feria de Ciencia permite a los estudiantes aplicar los conocimientos adquiridos en el aula, a situaciones de la vida real haciendo que el aprendizaje sea m\u00e1s relevante y significativo. Detr\u00e1s de cada proyecto, hay horas de investigaci\u00f3n, experimentaci\u00f3n y trabajo en equipo.<\/p>\n\n\n\n<p>\u201cEstamos contentos y agradecidos porque en la feria pudimos ver los proyectos innovadores de los estudiantes de toda la provincia y tambi\u00e9n el trabajo que vienen haciendo los colegas docentes\u201d, dijo el director de Secundaria Sergio Guti\u00e9rrez durante el acto de cierre de la Feria Provincial de Ciencia y Tecnolog\u00eda, oportunidad en la que tambi\u00e9n destac\u00f3 la tarea realizada por las distintas \u00e1reas del Ministerio de Educaci\u00f3n, y el apoyo de las familias.<\/p>\n\n\n\n<p>\u201cEsta es una de las actividades m\u00e1s importantes para la comunidad educativa porque refleja el saber, y tambi\u00e9n por las ganas de los estudiantes de dar a conocer todo lo que construyeron con sus docentes a lo largo del ciclo lectivo\u201d, marc\u00f3 el director de Planeamiento e Investigaci\u00f3n Educativa Julio Simonit quien transmiti\u00f3 los saludos de la ministra de Educaci\u00f3n Pr\u00e1xedes L\u00f3pez, \u201cla Ministra, el mi\u00e9rcoles visit\u00f3 esta feria y se fue satisfecha por los resultados alcanzados\u201d, cont\u00f3.<\/p>\n\n\n\n<p>En el mismo sentido, para el coordinador de Ciencia y Tecnolog\u00eda Gustavo Berbere, esta Feria es cada a\u00f1o un acontecimiento de gran importancia a nivel educativo y a nivel social. \u201cQuiero agradecer a todos y decirles que esto fue posible gracias a un gran esfuerzo del Ministerio de Educaci\u00f3n\u201d, asegur\u00f3.<\/p>\n\n\n\n<p>&nbsp;<strong>Seleccionados<\/strong><\/p>\n\n\n\n<p><strong>Eje Art\u00edstico:<\/strong><\/p>\n\n\n\n<p>ABRIENDO MIRADAS &#8211; Colegio Inform\u00e1tico San Juan de Vera<\/p>\n\n\n\n<p>ARTE GEOM\u00c9TRICO &#8211; Colegio Secundario Primer Teniente de la Fuerza A\u00e9rea Miguel \u00c1ngel Gim\u00e9nez<\/p>\n\n\n\n<p>HERMANADOS POR LA TRADICI\u00d3N II &#8211; Escuela Primaria N\u00b0 956 Nuestra Se\u00f1ora de la Medalla Milagrosa<\/p>\n\n\n\n<p>INFANCIAS FLORECIDAS &#8211; JIN N\u00b0 4- Escuela N\u00b0 311 Prof. Jos\u00e9 R. Guti\u00e9rrez<\/p>\n\n\n\n<p><strong>Eje Matem\u00e1tico:<\/strong><\/p>\n\n\n\n<p>ESTACI\u00d3N METEOROL\u00d3GICA &#8211; Colegio Secundario en Itat\u00ed<\/p>\n\n\n\n<p>LUDOPAT\u00cdA, PROBABILIDAD Y REALIDADES &#8211; Escuela Normal Dr. Juan G. Pujol<\/p>\n\n\n\n<p>MENTES EN ACCI\u00d3N &#8211; Escuela Primaria N\u00b0 67 Isabel King<\/p>\n\n\n\n<p>CUERPOS GEOM\u00c9TRICOS DIRECTAMENTE PROPORCIONALES &#8211; Colegio Secundario Brigadier General Pedro Ferr\u00e9<\/p>\n\n\n\n<p><strong>Eje Cient\u00edfico:<\/strong><\/p>\n\n\n\n<p>BELGRANO\u2019S GREEN WALLS &#8211; Escuela Primaria N\u00b0 1 Manuel Belgrano<\/p>\n\n\n\n<p>LA BIODIVERSIDAD Y SU INFLUENCIA EN LA MEDICINA &#8211; Hospital Pedi\u00e1trico Juan Pablo II<\/p>\n\n\n\n<p>FRUTOS DEL MONTE &#8211; Colegio secundario en Itat\u00ed<\/p>\n\n\n\n<p>EL CULTIVO DEL FUTURO &#8211; Extensi\u00f3n \u00c1ulica Escuela T\u00e9cnica Dr. Juan Gregorio Pujol<\/p>\n\n\n\n<p><strong>Eje Tecnol\u00f3gico:<\/strong><\/p>\n\n\n\n<p>DYALRIM S.R.L &#8211; Instituto Superior Nuestra Se\u00f1ora de la Misericordia I-29<\/p>\n\n\n\n<p>ILUMINADOS POR MOTOR TESLA &#8211; Centro del Ni\u00f1o Especial IE5<\/p>\n\n\n\n<p>F.O.M.O \u00bfQu\u00e9 me perd\u00ed? &#8211; Colegio Secundario de Gobernador Virasoro<\/p>\n\n\n\n<p>PROGRAMAMOS DIVERTIRNOS- SCRATCH &#8211; Escuela Normal Pedro Bonastre<\/p>\n\n\n\n<p>MONOPAT\u00cdN INCLUSIVO &#8211; Escuela T\u00e9cnica Juana Manso<\/p>\n\n\n\n<p>TECXAPET &#8211; Escuela T\u00e9cnica de Empedrado<\/p>\n\n\n\n<figure class=\"wp-block-image size-large\"><img loading=\"lazy\" decoding=\"async\" width=\"1024\" height=\"682\" src=\"https:\/\/corrientesdetarde.com\/wp-content\/uploads\/2024\/08\/image-739-1024x682.png\" alt=\"\" class=\"wp-image-161227\" srcset=\"https:\/\/corrientesdetarde.com\/wp-content\/uploads\/2024\/08\/image-739-1024x682.png 1024w, https:\/\/corrientesdetarde.com\/wp-content\/uploads\/2024\/08\/image-739-300x200.png 300w, https:\/\/corrientesdetarde.com\/wp-content\/uploads\/2024\/08\/image-739-768x512.png 768w, https:\/\/corrientesdetarde.com\/wp-content\/uploads\/2024\/08\/image-739.png 1280w\" sizes=\"auto, (max-width: 1024px) 100vw, 1024px\" \/><\/figure>\n","protected":false},"excerpt":{"rendered":"<p>Luego de dos d\u00edas de exposici\u00f3n en el Centro de Educaci\u00f3n F\u00edsica CEF N\u00b0 1 finaliz\u00f3 la Feria Provincial de Ciencia y Tecnolog\u00eda en su edici\u00f3n Steam 2024. Los trabajos&hellip; <\/p>\n","protected":false},"author":1,"featured_media":161226,"comment_status":"closed","ping_status":"open","sticky":false,"template":"","format":"standard","meta":{"footnotes":""},"categories":[1208,17,24],"tags":[],"class_list":["post-161219","post","type-post","status-publish","format-standard","has-post-thumbnail","hentry","category-eventossociedad","category-sociales","category-tecnologia"],"_links":{"self":[{"href":"https:\/\/corrientesdetarde.com\/index.php\/wp-json\/wp\/v2\/posts\/161219","targetHints":{"allow":["GET"]}}],"collection":[{"href":"https:\/\/corrientesdetarde.com\/index.php\/wp-json\/wp\/v2\/posts"}],"about":[{"href":"https:\/\/corrientesdetarde.com\/index.php\/wp-json\/wp\/v2\/types\/post"}],"author":[{"embeddable":true,"href":"https:\/\/corrientesdetarde.com\/index.php\/wp-json\/wp\/v2\/users\/1"}],"replies":[{"embeddable":true,"href":"https:\/\/corrientesdetarde.com\/index.php\/wp-json\/wp\/v2\/comments?post=161219"}],"version-history":[{"count":1,"href":"https:\/\/corrientesdetarde.com\/index.php\/wp-json\/wp\/v2\/posts\/161219\/revisions"}],"predecessor-version":[{"id":161228,"href":"https:\/\/corrientesdetarde.com\/index.php\/wp-json\/wp\/v2\/posts\/161219\/revisions\/161228"}],"wp:featuredmedia":[{"embeddable":true,"href":"https:\/\/corrientesdetarde.com\/index.php\/wp-json\/wp\/v2\/media\/161226"}],"wp:attachment":[{"href":"https:\/\/corrientesdetarde.com\/index.php\/wp-json\/wp\/v2\/media?parent=161219"}],"wp:term":[{"taxonomy":"category","embeddable":true,"href":"https:\/\/corrientesdetarde.com\/index.php\/wp-json\/wp\/v2\/categories?post=161219"},{"taxonomy":"post_tag","embeddable":true,"href":"https:\/\/corrientesdetarde.com\/index.php\/wp-json\/wp\/v2\/tags?post=161219"}],"curies":[{"name":"wp","href":"https:\/\/api.w.org\/{rel}","templated":true}]}}