{"id":161232,"date":"2024-08-23T14:31:23","date_gmt":"2024-08-23T17:31:23","guid":{"rendered":"https:\/\/corrientesdetarde.com\/?p=161232"},"modified":"2024-08-23T14:31:27","modified_gmt":"2024-08-23T17:31:27","slug":"educacion-y-la-unne-articulan-acciones-para-garantizar-un-sistema-educativo-de-calidad","status":"publish","type":"post","link":"https:\/\/corrientesdetarde.com\/index.php\/educacion\/educacion-y-la-unne-articulan-acciones-para-garantizar-un-sistema-educativo-de-calidad\/","title":{"rendered":"Educaci\u00f3n y la Unne articulan acciones para garantizar un sistema educativo de calidad"},"content":{"rendered":"\n<p>&nbsp;La ministra de Educaci\u00f3n Pr\u00e1xedes L\u00f3pez y el rector de la Universidad Nacional del Nordeste (Unne) Omar Larroza encabezaron esta ma\u00f1ana el lanzamiento de la segunda corte de la Diplomatura Universitaria en Alfabetizaci\u00f3n Inicial, la primera cohorte del curso universitario \u201cAprender a usar el lenguaje: El Lenguaje en la Infancia. El jard\u00edn y el Hogar como contextos de desarrollo\u201d y la presentaci\u00f3n del cuadernillo Corrientes Aprende, Propuestas para el aula 2\u00b0 nivel primario.<\/p>\n\n\n\n<p>En el marco del Plan Compromiso por la Alfabetizaci\u00f3n, el Ministerio de Educaci\u00f3n en Articulaci\u00f3n con la Unne, la OEI, el Conicet y la Fundaci\u00f3n Arcor, en pos de la mejora constante en la formaci\u00f3n docente continua, present\u00f3 tres de los 16 programas que componen dicho plan.&nbsp;&nbsp;<\/p>\n\n\n\n<p>\u201cCuando comenz\u00f3 mi gesti\u00f3n a principios del 2022, comenzamos a ver resultados que dol\u00edan porque los alumnos en primer grado no le\u00edan y llegaban a tercero sin fluidez lectora\u201d, record\u00f3 la ministra de Educaci\u00f3n Pr\u00e1xedes L\u00f3pez durante el acto realizado esta ma\u00f1ana, oportunidad en la que destac\u00f3 tambi\u00e9n que las transformaciones no se hacen desde un escritorio, \u201clas transformaciones se hacen con los docentes, los directivos y con los padres\u201d, dijo.<\/p>\n\n\n\n<p>Destac\u00f3 adem\u00e1s el hecho de que la tarea se realice con la Unne, \u201cNos llena de orgullo poder articular acciones con esta universidad prestigiosa, y queremos que los docentes salgan empoderados\u201d, marc\u00f3 en tanto habl\u00f3 de la importancia de que la totalidad de la docencia est\u00e9 dentro del programa de formaci\u00f3n continua gratuita. \u201cSeguramente esto no va a ser lo \u00fanico que vamos a compartir con la Unne en pos de lograr la calidad educativa de los estudiantes merecen.<\/p>\n\n\n\n<p>El rector de la Universidad por su parte consider\u00f3 muy importante resignificar la labor de quienes est\u00e1n frente al aula. \u201cHace menos de un a\u00f1o comenzamos esta tarea, y como todo en Educaci\u00f3n, fue bastante discutida hasta que nos pusimos de acuerdo lo cual es fundemantal para alcanzar el \u00e9xito en lo que iniciamos\u201d, relat\u00f3 y confirm\u00f3 tambi\u00e9n que hay m\u00e1s propuestas de trabajo articulado, y \u00e9stas alcanzar\u00e1n tambi\u00e9n a los otros niveles \u201cquiero felicitar la tarea de la ministra y su equipo y al equipo de la universidad que se sum\u00f3\u201d.<\/p>\n","protected":false},"excerpt":{"rendered":"<p>&nbsp;La ministra de Educaci\u00f3n Pr\u00e1xedes L\u00f3pez y el rector de la Universidad Nacional del Nordeste (Unne) Omar Larroza encabezaron esta ma\u00f1ana el lanzamiento de la segunda corte de la Diplomatura&hellip; <\/p>\n","protected":false},"author":12,"featured_media":161241,"comment_status":"closed","ping_status":"open","sticky":false,"template":"","format":"standard","meta":{"footnotes":""},"categories":[32],"tags":[],"class_list":["post-161232","post","type-post","status-publish","format-standard","has-post-thumbnail","hentry","category-educacion"],"_links":{"self":[{"href":"https:\/\/corrientesdetarde.com\/index.php\/wp-json\/wp\/v2\/posts\/161232","targetHints":{"allow":["GET"]}}],"collection":[{"href":"https:\/\/corrientesdetarde.com\/index.php\/wp-json\/wp\/v2\/posts"}],"about":[{"href":"https:\/\/corrientesdetarde.com\/index.php\/wp-json\/wp\/v2\/types\/post"}],"author":[{"embeddable":true,"href":"https:\/\/corrientesdetarde.com\/index.php\/wp-json\/wp\/v2\/users\/12"}],"replies":[{"embeddable":true,"href":"https:\/\/corrientesdetarde.com\/index.php\/wp-json\/wp\/v2\/comments?post=161232"}],"version-history":[{"count":1,"href":"https:\/\/corrientesdetarde.com\/index.php\/wp-json\/wp\/v2\/posts\/161232\/revisions"}],"predecessor-version":[{"id":161242,"href":"https:\/\/corrientesdetarde.com\/index.php\/wp-json\/wp\/v2\/posts\/161232\/revisions\/161242"}],"wp:featuredmedia":[{"embeddable":true,"href":"https:\/\/corrientesdetarde.com\/index.php\/wp-json\/wp\/v2\/media\/161241"}],"wp:attachment":[{"href":"https:\/\/corrientesdetarde.com\/index.php\/wp-json\/wp\/v2\/media?parent=161232"}],"wp:term":[{"taxonomy":"category","embeddable":true,"href":"https:\/\/corrientesdetarde.com\/index.php\/wp-json\/wp\/v2\/categories?post=161232"},{"taxonomy":"post_tag","embeddable":true,"href":"https:\/\/corrientesdetarde.com\/index.php\/wp-json\/wp\/v2\/tags?post=161232"}],"curies":[{"name":"wp","href":"https:\/\/api.w.org\/{rel}","templated":true}]}}