{"id":161247,"date":"2024-08-23T14:46:25","date_gmt":"2024-08-23T17:46:25","guid":{"rendered":"https:\/\/corrientesdetarde.com\/?p=161247"},"modified":"2024-08-23T14:46:37","modified_gmt":"2024-08-23T17:46:37","slug":"relatos-salvajes-la-historia-real-que-genero-conmocion-y-puso-en-riesgo-su-estreno-en-inglaterra","status":"publish","type":"post","link":"https:\/\/corrientesdetarde.com\/index.php\/internacionales\/relatos-salvajes-la-historia-real-que-genero-conmocion-y-puso-en-riesgo-su-estreno-en-inglaterra\/","title":{"rendered":"Relatos Salvajes: la historia real que gener\u00f3 conmoci\u00f3n y puso en riesgo su estreno en Inglaterra"},"content":{"rendered":"\n<p><strong>El estreno de\u00a0Relatos Salvajes\u00a0en Gran Breta\u00f1a desat\u00f3 una gran pol\u00e9mica<\/strong>. Es que varios cr\u00edticos identificaron en una de las historias de la pel\u00edcula varias similitudes con el tr\u00e1gico accidente a\u00e9reo del avi\u00f3n Airbus A320-211 de la aerol\u00ednea de bajo costo\u00a0<strong>Germanwings<\/strong>, que\u00a0<strong>se estrell\u00f3 el 24 de marzo de 2015 en los Alpes Franceses<\/strong>\u00a0y provoc\u00f3 la muerte de 150 personas.<\/p>\n\n\n\n<p>El filme argentino dirigido por\u00a0<strong>Dami\u00e1n Szifron<\/strong>, que estuvo nominado a los Premios Oscar, se estren\u00f3 en la Argentina el 21 de agosto de 2014. En tanto, su debut en las salas de cine de Reino Unido se fij\u00f3 para el 27 de marzo de 2015. Tres d\u00edas antes de esa fecha, ocurri\u00f3 el fatal episodio, que\u00a0<strong>tuvo entre sus v\u00edctimas a tres ingleses<\/strong>. Por eso,\u00a0<strong>muchos brit\u00e1nicos se manifestaron en contra de la proyecci\u00f3n de la pel\u00edcula<\/strong>. A pesar de la controversia, el t\u00edtulo apareci\u00f3 en cartelera tal como estaba previsto.<\/p>\n\n\n\n<figure class=\"wp-block-image\"><img decoding=\"async\" src=\"https:\/\/tn.com.ar\/resizer\/v2\/el-lugar-donde-se-estrello-el-avion-de-germanwings-foto-reuters-XCTT2VRVJFFURNRRUSEDMSB36I.jpg?auth=208018b3297c847a3cad37dbf45beca85c5f6ed7d40d3d0412be84cc53ef297e&amp;width=767\" alt=\"El lugar donde se estrell\u00f3 el avi\u00f3n de Germanwings. Foto: Reuters.\"\/><figcaption class=\"wp-element-caption\">El lugar donde se estrell\u00f3 el avi\u00f3n de Germanwings. Foto: Reuters.<\/figcaption><\/figure>\n\n\n\n<h2 class=\"wp-block-heading\">El tr\u00e1gico accidente de Germanwings, en el que murieron 150 personas<\/h2>\n\n\n\n<p>El vuelo 9525 parti\u00f3 desde el Aeropuerto de Barcelona-El Prat, Espa\u00f1a, con destino a D\u00fcsseldorf, Alemania.\u00a0<strong>Llevaba 144 pasajeros y seis miembros de la tripulaci\u00f3n<\/strong>. Cuarenta minutos despu\u00e9s de su despegue, la aeronave comenz\u00f3 un descenso no autorizado desde su altitud de crucero de 38.000 pies y continu\u00f3 hasta impactar diez minutos despu\u00e9s con una ladera en los Alpes.<\/p>\n\n\n\n<p>La investigaci\u00f3n, liderada por la Oficina de Investigaci\u00f3n y An\u00e1lisis para la Seguridad de la Aviaci\u00f3n Civil (BEA) de Francia, revel\u00f3 que\u00a0<strong>el copiloto<\/strong>,\u00a0<strong>Andreas Lubitz, de 27 a\u00f1os, estrell\u00f3 de manera intencionada el avi\u00f3n<\/strong>. Lubitz\u00a0<strong>hab\u00eda sido diagnosticado con depresi\u00f3n y hab\u00eda recibido tratamiento m\u00e9dico por problemas de salud mental<\/strong>, aunque no inform\u00f3 a la aerol\u00ednea sobre su condici\u00f3n. Durante el vuelo, aprovech\u00f3 que el capit\u00e1n\u00a0<strong>se ausent\u00f3 de la cabina para bloquear la puerta y tomar control del avi\u00f3n<\/strong>.<\/p>\n\n\n\n<h2 class=\"wp-block-heading\">La historia de Relatos Salvajes que record\u00f3 al tr\u00e1gico accidente a\u00e9reo en los Alpes<\/h2>\n\n\n\n<p><strong>La primera historia de Relatos Salvajes<\/strong>\u00a0se desarrolla en un avi\u00f3n donde dos los pasajeros descubren que conocen a una persona en com\u00fan, un hombre llamado\u00a0<strong>Pasternak<\/strong>. A medida que la conversaci\u00f3n avanza, m\u00e1s personas se dan cuenta de que tambi\u00e9n tienen alguna relaci\u00f3n con \u00e9l.<\/p>\n\n\n\n<p>No pasa demasiado tiempo hasta que se descubre que todos a bordo han tenido con Pasternak este alguna interacci\u00f3n, en todos los casos negativa: una exnovia que lo dej\u00f3 por otra persona, un cr\u00edtico musical que arruin\u00f3 su carrera como compositor con una rese\u00f1a negativa y una exjefa que lo despidi\u00f3 de manera injusta, entre otros.<\/p>\n\n\n\n<figure class=\"wp-block-image\"><img decoding=\"async\" src=\"https:\/\/tn.com.ar\/resizer\/v2\/relatos-salvajes-cuenta-la-historia-de-gabriel-pasternak-en-su-apertura-foto-sony-pictures-ZMVEN7ALRBEW7FSK4MYVRJV4CU.jpg?auth=d19d385f09c4f1e551decbe78a68fc1537427f8f3ea3838222abb980a384e342&amp;width=767\" alt=\"Relatos Salvajes cuenta la historia de Gabriel Pasternak en su apertura (Foto: Sony Pictures)\"\/><figcaption class=\"wp-element-caption\">Relatos Salvajes cuenta la historia de Gabriel Pasternak en su apertura (Foto: Sony Pictures)<\/figcaption><\/figure>\n\n\n\n<p>El relato contin\u00faa cuando los pasajeros comprenden que&nbsp;<strong>Pasternak es el piloto del avi\u00f3n y que los ha reunido a todos deliberadamente<\/strong>. Poco a poco, se hace evidente que se trata de un plan cuidadosamente elaborado por el piloto, que busca vengarse de todas esas personas con las que tuvo alg\u00fan problema en el pasado.&nbsp;<strong>La historia culmina cuando Pasternak, sin advertencia previa, decide estrellar el avi\u00f3n<\/strong>.<\/p>\n\n\n\n<p>Relatos Salvajes fue nominada a nuevos Premios Goya, incluidos Mejor Pel\u00edcula, Mejor Pel\u00edcula Iberoamericana y Mejor Director. Tambi\u00e9n\u00a0<strong>se qued\u00f3 con la categor\u00eda de Mejor pel\u00edcula<\/strong>\u00a0extranjera en la 69 edici\u00f3n de los premios de la\u00a0<strong>Academia Brit\u00e1nica de las Artes Cinematogr\u00e1ficas y de la Televisi\u00f3n (BAFTA)<\/strong>. Adem\u00e1s, fue seleccionada por la Academia de Artes y Ciencias Cinematogr\u00e1ficas de Estados Unidos para competir por el\u00a0<strong>Oscar a Mejor Pel\u00edcula en Idioma Extranjero<\/strong>, aunque finalmente no logr\u00f3 conseguir ese galard\u00f3n.<\/p>\n\n\n\n<figure class=\"wp-block-image\"><img decoding=\"async\" src=\"https:\/\/tn.com.ar\/resizer\/v2\/https%3A%2F%2Fthumbs.vodgc.net%2F1-398-uDTcFX1724083201899_1080P.jpg?auth=444185cc7ce18884be7c69ab1dfc3a1ccdbcd904f4dba0d7560b4cd6d4342252&amp;width=767\" alt=\"Video Placeholder\"\/><\/figure>\n\n\n\n<p>El tr\u00e1iler oficial de Relatos Salvajes.<\/p>\n\n\n\n<p>El filme fue visto por casi 4 millones de espectadores en todo el mundo. Y ahora, a diez a\u00f1os de su estreno, regresa a las principales salas de la Argentina en una reedici\u00f3n justamente para celebrar la primera d\u00e9cada de la pel\u00edcula protagonizada por Ricardo Dar\u00edn, Oscar Mart\u00ednez, Leonardo Sbaraglia, \u00c9rica Rivas, Rita Cortese, Julieta Zylberberg y Dar\u00edo Grandinetti.<\/p>\n\n\n\n<p>Relatos Salvajes fue producida por Hugo Sigman (K&amp;S Films) y por Pedro y Agust\u00edn Almod\u00f3var (El Deseo), en co-producci\u00f3n con Telefe y en asociaci\u00f3n con Corner Producciones. La distribuci\u00f3n estuvo a cargo de Warner Bros. Y le ofreci\u00f3 a Dami\u00e1n Szifr\u00f3n una puerta de entrada a Hollywood, donde en 2023\u00a0<strong>realiz\u00f3 la pel\u00edcula Misantropo<\/strong>, con Shailene Woodley y Ben Mendelsohn.<\/p>\n","protected":false},"excerpt":{"rendered":"<p>El estreno de\u00a0Relatos Salvajes\u00a0en Gran Breta\u00f1a desat\u00f3 una gran pol\u00e9mica. Es que varios cr\u00edticos identificaron en una de las historias de la pel\u00edcula varias similitudes con el tr\u00e1gico accidente a\u00e9reo&hellip; <\/p>\n","protected":false},"author":12,"featured_media":161259,"comment_status":"closed","ping_status":"open","sticky":false,"template":"","format":"standard","meta":{"footnotes":""},"categories":[11],"tags":[],"class_list":["post-161247","post","type-post","status-publish","format-standard","has-post-thumbnail","hentry","category-internacionales"],"_links":{"self":[{"href":"https:\/\/corrientesdetarde.com\/index.php\/wp-json\/wp\/v2\/posts\/161247","targetHints":{"allow":["GET"]}}],"collection":[{"href":"https:\/\/corrientesdetarde.com\/index.php\/wp-json\/wp\/v2\/posts"}],"about":[{"href":"https:\/\/corrientesdetarde.com\/index.php\/wp-json\/wp\/v2\/types\/post"}],"author":[{"embeddable":true,"href":"https:\/\/corrientesdetarde.com\/index.php\/wp-json\/wp\/v2\/users\/12"}],"replies":[{"embeddable":true,"href":"https:\/\/corrientesdetarde.com\/index.php\/wp-json\/wp\/v2\/comments?post=161247"}],"version-history":[{"count":1,"href":"https:\/\/corrientesdetarde.com\/index.php\/wp-json\/wp\/v2\/posts\/161247\/revisions"}],"predecessor-version":[{"id":161260,"href":"https:\/\/corrientesdetarde.com\/index.php\/wp-json\/wp\/v2\/posts\/161247\/revisions\/161260"}],"wp:featuredmedia":[{"embeddable":true,"href":"https:\/\/corrientesdetarde.com\/index.php\/wp-json\/wp\/v2\/media\/161259"}],"wp:attachment":[{"href":"https:\/\/corrientesdetarde.com\/index.php\/wp-json\/wp\/v2\/media?parent=161247"}],"wp:term":[{"taxonomy":"category","embeddable":true,"href":"https:\/\/corrientesdetarde.com\/index.php\/wp-json\/wp\/v2\/categories?post=161247"},{"taxonomy":"post_tag","embeddable":true,"href":"https:\/\/corrientesdetarde.com\/index.php\/wp-json\/wp\/v2\/tags?post=161247"}],"curies":[{"name":"wp","href":"https:\/\/api.w.org\/{rel}","templated":true}]}}