{"id":161250,"date":"2024-08-23T14:42:19","date_gmt":"2024-08-23T17:42:19","guid":{"rendered":"https:\/\/corrientesdetarde.com\/?p=161250"},"modified":"2024-08-23T14:42:23","modified_gmt":"2024-08-23T17:42:23","slug":"fuerte-rechazo-de-la-argentina-a-la-decision-de-la-justicia-venezolana-de-ratificar-a-maduro-como-presidente","status":"publish","type":"post","link":"https:\/\/corrientesdetarde.com\/index.php\/internacionales\/fuerte-rechazo-de-la-argentina-a-la-decision-de-la-justicia-venezolana-de-ratificar-a-maduro-como-presidente\/","title":{"rendered":"Fuerte rechazo de la Argentina a la decisi\u00f3n de la Justicia venezolana de ratificar a Maduro como presidente"},"content":{"rendered":"\n<p>En un nuevo comunicado conjunto, la Argentina y otros pa\u00edses de la regi\u00f3n<strong>\u00a0rechazaron \u201ccateg\u00f3ricamente\u201d el anuncio del Tribunal Supremo de Justicia (TSJ)\u00a0<\/strong>venezolano que\u00a0ratific\u00f3 a Nicol\u00e1s Maduro como el presidente electo\u00a0tras las elecciones del 28 de julio, de las cuales todav\u00eda no se presentaron las actas oficiales.<\/p>\n\n\n\n<p>\u201cNuestros pa\u00edses<strong>&nbsp;ya hab\u00edan manifestado el desconocimiento de la validez de la declaraci\u00f3n del CNE,<\/strong>&nbsp;luego de que se impidi\u00f3 acceso a los representantes de la oposici\u00f3n al conteo oficial, la no publicaci\u00f3n de las actas y la posterior negativa a realizar una auditor\u00eda imparcial e independiente de todas ellas\u201d, reza el comunicado.<\/p>\n\n\n\n<p> Costa Rica, Chile, Ecuador, Estados Unidos, Guatemala, Panam\u00e1, Paraguay, Per\u00fa, Rep\u00fablica Dominicana y Uruguay.<\/p>\n\n\n\n<figure class=\"wp-block-image\"><img decoding=\"async\" src=\"https:\/\/tn.com.ar\/resizer\/v2\/el-comunicado-conjunto-de-11-paises-de-la-region-contra-la-decision-del-tribunal-supremo-de-justicia-tsj-de-venezuela-YW66U5W2CFE2REJY6EOVGLFYKE.jpeg?auth=b10ab4f074b2901a98d9f75b798856325f5ff34ad8c5adfc62e19a74c58aa257&amp;width=767\" alt=\"El comunicado conjunto de 11 pa\u00edses de la regi\u00f3n contra la decisi\u00f3n del Tribunal Supremo de Justicia (TSJ) de Venezuela.\"\/><figcaption class=\"wp-element-caption\">El comunicado conjunto de 11 pa\u00edses de la regi\u00f3n contra la decisi\u00f3n del Tribunal Supremo de Justicia (TSJ) de Venezuela.<\/figcaption><\/figure>\n","protected":false},"excerpt":{"rendered":"<p>En un nuevo comunicado conjunto, la Argentina y otros pa\u00edses de la regi\u00f3n\u00a0rechazaron \u201ccateg\u00f3ricamente\u201d el anuncio del Tribunal Supremo de Justicia (TSJ)\u00a0venezolano que\u00a0ratific\u00f3 a Nicol\u00e1s Maduro como el presidente electo\u00a0tras&hellip; <\/p>\n","protected":false},"author":12,"featured_media":161254,"comment_status":"closed","ping_status":"open","sticky":false,"template":"","format":"standard","meta":{"footnotes":""},"categories":[11],"tags":[],"class_list":["post-161250","post","type-post","status-publish","format-standard","has-post-thumbnail","hentry","category-internacionales"],"_links":{"self":[{"href":"https:\/\/corrientesdetarde.com\/index.php\/wp-json\/wp\/v2\/posts\/161250","targetHints":{"allow":["GET"]}}],"collection":[{"href":"https:\/\/corrientesdetarde.com\/index.php\/wp-json\/wp\/v2\/posts"}],"about":[{"href":"https:\/\/corrientesdetarde.com\/index.php\/wp-json\/wp\/v2\/types\/post"}],"author":[{"embeddable":true,"href":"https:\/\/corrientesdetarde.com\/index.php\/wp-json\/wp\/v2\/users\/12"}],"replies":[{"embeddable":true,"href":"https:\/\/corrientesdetarde.com\/index.php\/wp-json\/wp\/v2\/comments?post=161250"}],"version-history":[{"count":1,"href":"https:\/\/corrientesdetarde.com\/index.php\/wp-json\/wp\/v2\/posts\/161250\/revisions"}],"predecessor-version":[{"id":161255,"href":"https:\/\/corrientesdetarde.com\/index.php\/wp-json\/wp\/v2\/posts\/161250\/revisions\/161255"}],"wp:featuredmedia":[{"embeddable":true,"href":"https:\/\/corrientesdetarde.com\/index.php\/wp-json\/wp\/v2\/media\/161254"}],"wp:attachment":[{"href":"https:\/\/corrientesdetarde.com\/index.php\/wp-json\/wp\/v2\/media?parent=161250"}],"wp:term":[{"taxonomy":"category","embeddable":true,"href":"https:\/\/corrientesdetarde.com\/index.php\/wp-json\/wp\/v2\/categories?post=161250"},{"taxonomy":"post_tag","embeddable":true,"href":"https:\/\/corrientesdetarde.com\/index.php\/wp-json\/wp\/v2\/tags?post=161250"}],"curies":[{"name":"wp","href":"https:\/\/api.w.org\/{rel}","templated":true}]}}