{"id":161261,"date":"2024-08-23T14:58:55","date_gmt":"2024-08-23T17:58:55","guid":{"rendered":"https:\/\/corrientesdetarde.com\/?p=161261"},"modified":"2024-08-23T19:53:06","modified_gmt":"2024-08-23T22:53:06","slug":"la-municipalidad-realizo-un-nuevo-rescatede-animales-victimas-de-maltrato-y-abandono","status":"publish","type":"post","link":"https:\/\/corrientesdetarde.com\/index.php\/informacion-general\/la-municipalidad-realizo-un-nuevo-rescatede-animales-victimas-de-maltrato-y-abandono\/","title":{"rendered":"La Municipalidad realiz\u00f3 un nuevo rescate de animales v\u00edctimas de maltrato y abandono"},"content":{"rendered":"\n<p><em>Se trata de dos caninos de raza caniche, que sufr\u00edan maltrato y abandono. El operativo a cargo de la Direcci\u00f3n General de Promoci\u00f3n de Derechos y Bienestar Animal del municipio se realiz\u00f3 tras el reclamo de una vecina a trav\u00e9s del Sistema de Atenci\u00f3n al Ciudadano (SAC). Los animales permanecer\u00e1n moment\u00e1neamente en un lugar de tr\u00e1nsito y recibir\u00e1n las atenciones veterinarias correspondientes.<\/em><\/p>\n\n\n\n<p>Tras una r\u00e1pida intervenci\u00f3n de la Municipalidad de Corrientes a trav\u00e9s de la Direcci\u00f3n General de Promoci\u00f3n de Derechos y Bienestar Animal, dos perros que eran v\u00edctimas de maltrato y abandono tendr\u00e1n una mejor calidad de vida tras su rescate y entrega a una nueva familia que les brinde el cobijo, amor y compa\u00f1\u00eda que necesitan. Se trata de dos caniches (un macho y una hembra) que fueron retirados de una vivienda ubicada en el barrio Celia, tras un reclamo realizado por una vecina v\u00eda telef\u00f3nica al Sistema de Atenci\u00f3n al Ciudadano (SAC).<br><br>El secretario Coordinador de Gobierno de la Municipalidad de Corrientes, Hugo Calvano, destac\u00f3 que desde la Direcci\u00f3n General de Bienestar Animal de la Municipalidad, se intervino, desde su creaci\u00f3n, en diversos casos de maltrato animal, los cuales llegan gracias a las denuncias realizadas por los vecinos a trav\u00e9s del n\u00famero 147 o mediante el Muni Bot.&nbsp;<br><br>PROTOCOLO DE ACCI\u00d3N&nbsp;<br>Para atender estos casos, existe un protocolo de acci\u00f3n bien establecido. \u201cPrimero nos acercamos al lugar para tomar contacto con el denunciante y evaluar la situaci\u00f3n. Si constatamos que efectivamente existe una situaci\u00f3n de maltrato, y en particular si se trata de un animal dom\u00e9stico en una propiedad privada, intentamos que el poseedor del animal lo entregue voluntariamente para proceder con su recuperaci\u00f3n\u201d, explic\u00f3.&nbsp;<br><br>Al mismo tiempo, agreg\u00f3: \u201cEn los casos donde el propietario se niega a cooperar, avanzamos a la siguiente instancia, involucrando a la Polic\u00eda y denunciando el hecho ante la Fiscal\u00eda para gestionar los allanamientos necesarios, como ya lo hemos hecho en varios casos\u201d.<br><br>Asimismo record\u00f3 que esta \u00e1rea fue creada durante la gesti\u00f3n del intendente Eduardo Tassano en 2022 y desde entonces ha tenido una actividad muy intensa. \u201cNo solo actuamos en casos de maltrato, sino que tambi\u00e9n nos enfocamos en la concientizaci\u00f3n, trabajando desde los jardines de infantes hacia adelante, educando a los vecinos sobre la tenencia responsable de mascotas y el trato adecuado de los animales. Adem\u00e1s, hemos abordado casos de fauna silvestre en la ciudad, como tropas de monos, aparici\u00f3n de lobitos de r\u00edo y serpientes, donde es esencial no maltratar ni matar a estos animales\u201d.<br><br>RESCATE<br><br>Por su parte, Eduardo Osuna, a cargo de la direcci\u00f3n comunal mencionada, coment\u00f3 que el operativo &nbsp;de rescate de estos caniches en particular, se realiz\u00f3 \u201ctras un reclamo ingresado por el Sistema de Atenci\u00f3n al Ciudadano, la l\u00ednea telef\u00f3nica 147. Realizamos una primera visita a la vivienda, donde la vecina se neg\u00f3 en primera instancia a entregar a los animales que viv\u00edan en malas condiciones\u201d, comenz\u00f3 el relato.<br><br>\u201cVolvimos a visitarla y en un di\u00e1logo explic\u00e1ndole cuestiones de bienestar del animal que no estaba cumpliendo accedi\u00f3 a la entrega voluntaria de ambas mascotas\u201d, detall\u00f3 Osuna. \u201cLos animales se encontraban en un lugar no apto, a la intemperie, expuestos a los rayos del sol y las lluvias, sin comida ni agua durante todo el d\u00eda\u201d, acot\u00f3 luego.<br><br>\u201cAfortunadamente la persona entendi\u00f3 que lo mejor era dar a los perritos a otra persona que los tenga en las condiciones que se merecen y se procedi\u00f3 al retiro de los animales\u201d, sintetiz\u00f3 el funcionario.<br><br>Tambi\u00e9n mencion\u00f3 que \u201cla persona que realiz\u00f3 el reclamo colabor\u00f3 con nosotros para darle un hogar de tr\u00e1nsito moment\u00e1neamente a ambos animales rescatados y brindarle la atenci\u00f3n veterinaria correspondiente, con corte de pelo y que puedan vivir en mejores condiciones\u201d.<br><br>COMPROMISO CIUDADANO<br><br>Cabe recordar que este accionar de la Municipalidad se enmarca en una pol\u00edtica encarada por la gesti\u00f3n del intendente Eduardo Tassano de garantizar el bienestar animal y sus derechos, adem\u00e1s de generar conciencia entre los ciudadanos sobre la importancia de una tenencia responsable.<br><br>En este marco, se llevan adelante numerosas acciones para alcanzar estos objetivos; as\u00ed se cre\u00f3 la red de voluntarios \u201cH\u00e9roes Mascoteros\u201d que es un Registro de Tr\u00e1nsito para Animales en Situaci\u00f3n de Vulnerabilidad, con el fin de ordenar y actuar de manera eficaz ante un caso de maltrato, crueldad animal y\/o abandono.<br><br>Paralelamente, la Municipalidad interviene y colabora con las asociaciones protectoras de animales de la ciudad, sumando acciones en pos del derecho animal como son: el registro de paseadores de perro, los adiestramientos p\u00fablicos y gratuitos por parte de personal capacitado, el programa Mascotas Saludables ofreciendo atenci\u00f3n veterinaria gratuita para las familias de los diferentes barrios, un espacio Pet Friendly en la playa Islas Malvinas II, entre otras.<br><br>El director General de Promoci\u00f3n de Derechos y Bienestar Animal record\u00f3 que desde el \u00e1rea que coordina \u201cacudimos ante diferentes reclamos de maltrato animal, como as\u00ed tambi\u00e9n en caso de animales en la v\u00eda p\u00fablica y estamos realizando un seguimiento a diferentes casos\u201d.<br><br>Insisti\u00f3 adem\u00e1s la importancia del compromiso ciudadano ante el conocimiento de alg\u00fan hecho de esta naturaleza y remarc\u00f3 que \u201ctodo reclamo es an\u00f3nimo, se resguarda el contacto y tienen muchas v\u00edas para comunicarse con nosotros como la l\u00ednea 147 o el MuniBot por whatsApp 3794 341768\u201d.<\/p>\n\n\n\n<figure class=\"wp-block-gallery has-nested-images columns-default is-cropped wp-block-gallery-1 is-layout-flex wp-block-gallery-is-layout-flex\">\n<figure class=\"wp-block-image size-large\"><img loading=\"lazy\" decoding=\"async\" width=\"1024\" height=\"682\" data-id=\"161273\" src=\"https:\/\/corrientesdetarde.com\/wp-content\/uploads\/2024\/08\/e91ca041-0362-2632-6abb-72d473b585c4-1024x682.jpg\" alt=\"\" class=\"wp-image-161273\" srcset=\"https:\/\/corrientesdetarde.com\/wp-content\/uploads\/2024\/08\/e91ca041-0362-2632-6abb-72d473b585c4-1024x682.jpg 1024w, https:\/\/corrientesdetarde.com\/wp-content\/uploads\/2024\/08\/e91ca041-0362-2632-6abb-72d473b585c4-300x200.jpg 300w, https:\/\/corrientesdetarde.com\/wp-content\/uploads\/2024\/08\/e91ca041-0362-2632-6abb-72d473b585c4-768x512.jpg 768w, https:\/\/corrientesdetarde.com\/wp-content\/uploads\/2024\/08\/e91ca041-0362-2632-6abb-72d473b585c4.jpg 1280w\" sizes=\"auto, (max-width: 1024px) 100vw, 1024px\" \/><\/figure>\n\n\n\n<figure class=\"wp-block-image size-large\"><img loading=\"lazy\" decoding=\"async\" width=\"1024\" height=\"682\" data-id=\"161272\" src=\"https:\/\/corrientesdetarde.com\/wp-content\/uploads\/2024\/08\/757f0dc2-def8-69c9-4d1b-68ccc3d6dd0f-1024x682.jpg\" alt=\"\" class=\"wp-image-161272\" srcset=\"https:\/\/corrientesdetarde.com\/wp-content\/uploads\/2024\/08\/757f0dc2-def8-69c9-4d1b-68ccc3d6dd0f-1024x682.jpg 1024w, https:\/\/corrientesdetarde.com\/wp-content\/uploads\/2024\/08\/757f0dc2-def8-69c9-4d1b-68ccc3d6dd0f-300x200.jpg 300w, https:\/\/corrientesdetarde.com\/wp-content\/uploads\/2024\/08\/757f0dc2-def8-69c9-4d1b-68ccc3d6dd0f-768x512.jpg 768w, https:\/\/corrientesdetarde.com\/wp-content\/uploads\/2024\/08\/757f0dc2-def8-69c9-4d1b-68ccc3d6dd0f.jpg 1280w\" sizes=\"auto, (max-width: 1024px) 100vw, 1024px\" \/><\/figure>\n\n\n\n<figure class=\"wp-block-image size-large\"><img loading=\"lazy\" decoding=\"async\" width=\"1024\" height=\"682\" data-id=\"161274\" src=\"https:\/\/corrientesdetarde.com\/wp-content\/uploads\/2024\/08\/7bafbe5a-0332-05dd-85af-1177837e7e13-1024x682.jpg\" alt=\"\" class=\"wp-image-161274\" srcset=\"https:\/\/corrientesdetarde.com\/wp-content\/uploads\/2024\/08\/7bafbe5a-0332-05dd-85af-1177837e7e13-1024x682.jpg 1024w, https:\/\/corrientesdetarde.com\/wp-content\/uploads\/2024\/08\/7bafbe5a-0332-05dd-85af-1177837e7e13-300x200.jpg 300w, https:\/\/corrientesdetarde.com\/wp-content\/uploads\/2024\/08\/7bafbe5a-0332-05dd-85af-1177837e7e13-768x512.jpg 768w, https:\/\/corrientesdetarde.com\/wp-content\/uploads\/2024\/08\/7bafbe5a-0332-05dd-85af-1177837e7e13.jpg 1280w\" sizes=\"auto, (max-width: 1024px) 100vw, 1024px\" \/><\/figure>\n\n\n\n<figure class=\"wp-block-image size-large\"><img loading=\"lazy\" decoding=\"async\" width=\"1024\" height=\"682\" data-id=\"161271\" src=\"https:\/\/corrientesdetarde.com\/wp-content\/uploads\/2024\/08\/b4b7e832-8420-0845-851d-5dd266170e40-1024x682.jpg\" alt=\"\" class=\"wp-image-161271\" srcset=\"https:\/\/corrientesdetarde.com\/wp-content\/uploads\/2024\/08\/b4b7e832-8420-0845-851d-5dd266170e40-1024x682.jpg 1024w, https:\/\/corrientesdetarde.com\/wp-content\/uploads\/2024\/08\/b4b7e832-8420-0845-851d-5dd266170e40-300x200.jpg 300w, https:\/\/corrientesdetarde.com\/wp-content\/uploads\/2024\/08\/b4b7e832-8420-0845-851d-5dd266170e40-768x512.jpg 768w, https:\/\/corrientesdetarde.com\/wp-content\/uploads\/2024\/08\/b4b7e832-8420-0845-851d-5dd266170e40.jpg 1280w\" sizes=\"auto, (max-width: 1024px) 100vw, 1024px\" \/><\/figure>\n<\/figure>\n","protected":false},"excerpt":{"rendered":"<p>Se trata de dos caninos de raza caniche, que sufr\u00edan maltrato y abandono. El operativo a cargo de la Direcci\u00f3n General de Promoci\u00f3n de Derechos y Bienestar Animal del municipio&hellip; <\/p>\n","protected":false},"author":12,"featured_media":161271,"comment_status":"closed","ping_status":"open","sticky":false,"template":"","format":"standard","meta":{"footnotes":""},"categories":[1],"tags":[],"class_list":["post-161261","post","type-post","status-publish","format-standard","has-post-thumbnail","hentry","category-informacion-general"],"_links":{"self":[{"href":"https:\/\/corrientesdetarde.com\/index.php\/wp-json\/wp\/v2\/posts\/161261","targetHints":{"allow":["GET"]}}],"collection":[{"href":"https:\/\/corrientesdetarde.com\/index.php\/wp-json\/wp\/v2\/posts"}],"about":[{"href":"https:\/\/corrientesdetarde.com\/index.php\/wp-json\/wp\/v2\/types\/post"}],"author":[{"embeddable":true,"href":"https:\/\/corrientesdetarde.com\/index.php\/wp-json\/wp\/v2\/users\/12"}],"replies":[{"embeddable":true,"href":"https:\/\/corrientesdetarde.com\/index.php\/wp-json\/wp\/v2\/comments?post=161261"}],"version-history":[{"count":2,"href":"https:\/\/corrientesdetarde.com\/index.php\/wp-json\/wp\/v2\/posts\/161261\/revisions"}],"predecessor-version":[{"id":161310,"href":"https:\/\/corrientesdetarde.com\/index.php\/wp-json\/wp\/v2\/posts\/161261\/revisions\/161310"}],"wp:featuredmedia":[{"embeddable":true,"href":"https:\/\/corrientesdetarde.com\/index.php\/wp-json\/wp\/v2\/media\/161271"}],"wp:attachment":[{"href":"https:\/\/corrientesdetarde.com\/index.php\/wp-json\/wp\/v2\/media?parent=161261"}],"wp:term":[{"taxonomy":"category","embeddable":true,"href":"https:\/\/corrientesdetarde.com\/index.php\/wp-json\/wp\/v2\/categories?post=161261"},{"taxonomy":"post_tag","embeddable":true,"href":"https:\/\/corrientesdetarde.com\/index.php\/wp-json\/wp\/v2\/tags?post=161261"}],"curies":[{"name":"wp","href":"https:\/\/api.w.org\/{rel}","templated":true}]}}