{"id":161263,"date":"2024-08-23T14:54:04","date_gmt":"2024-08-23T17:54:04","guid":{"rendered":"https:\/\/corrientesdetarde.com\/?p=161263"},"modified":"2024-08-23T14:54:09","modified_gmt":"2024-08-23T17:54:09","slug":"la-historia-detras-de-la-unica-foto-de-pinon-fijo-sin-maquillaje","status":"publish","type":"post","link":"https:\/\/corrientesdetarde.com\/index.php\/espectaculos\/la-historia-detras-de-la-unica-foto-de-pinon-fijo-sin-maquillaje\/","title":{"rendered":"La historia detr\u00e1s de la \u00fanica foto de Pi\u00f1\u00f3n Fijo sin maquillaje"},"content":{"rendered":"\n<p><strong>Pi\u00f1\u00f3n Fijo<\/strong>es uno de los animadores infantiles m\u00e1s entra\u00f1ables del pa\u00eds y marc\u00f3 a toda una generaci\u00f3n de ni\u00f1os: su estilo carism\u00e1tico y sus canciones pegadizas, con su coreograf\u00eda correspondiente, enamoraron tanto a chicos como a grandes. Sin embargo, poco se conoce detr\u00e1s del personaje del que disfrutan los m\u00e1s peque\u00f1os: m\u00e1s all\u00e1 de su reciente pelea con sus hijos que tom\u00f3 estado p\u00fablico,\u00a0<strong>hay una sola imagen del actor que lo encarna sin el\u00a0maquillaje\u00a0payasesco<\/strong>.<\/p>\n\n\n\n<p><strong>Fabi\u00e1n Alberto G\u00f3mez<\/strong>, el hombre detr\u00e1s del cantautor, naci\u00f3 el 20 de agosto de 1965 en la ciudad cordobesa de Dean Funes y comenz\u00f3 su carrera en las plazas y parques de diversas ciudades tur\u00edsticas. De todas formas, no fue hasta que recal\u00f3 en Villa Carlos Paz que su figura empez\u00f3 a ganar reconocimiento: se sum\u00f3 al Canal Doce de La Docta y, pronto,&nbsp;<em><strong>eltrece<\/strong><\/em>&nbsp;lo convoc\u00f3 para llevar a cabo un ciclo televisivo<strong>&nbsp;que fue furor durante m\u00e1s de una d\u00e9cada<\/strong>.<\/p>\n\n\n\n<figure class=\"wp-block-image\"><img decoding=\"async\" src=\"https:\/\/tn.com.ar\/resizer\/v2\/los-hijos-de-pinon-recompusieron-la-relacion-con-su-padre-eltrece-P4K6NRTRMVHIVHLGCWWN567XHU.jpg?auth=3c6bd31abc6c8a23d875e41c9c9848914573b905a56753f18592d8c9dbbcbba5&amp;width=767\" alt=\"Los hijos de Pi\u00f1\u00f3n recompusieron la relaci\u00f3n con su padre. (eltrece)\"\/><figcaption class=\"wp-element-caption\">Los hijos de Pi\u00f1\u00f3n recompusieron la relaci\u00f3n con su padre. (eltrece)<\/figcaption><\/figure>\n\n\n\n<p>Adem\u00e1s, el int\u00e9rprete realiz\u00f3 al menos 57 presentaciones en el Teatro Gran Rex de la Ciudad de Buenos Aires, 19 en el Luna Park, y una gira extensa por el interior a principios de siglo. Todo ello sin conocer al padre de la criatura: la \u00fanica postal conocida del actor<strong>&nbsp;fue tomada por el due\u00f1o de una panader\u00eda ubicada en Tolhuin<\/strong>, en el tramo de la Ruta 3 entre Ushuaia y R\u00edo Grande.<\/p>\n\n\n\n<h2 class=\"wp-block-heading\">La foto de Pi\u00f1\u00f3n Fijo sin maquillaje: el due\u00f1o de la panader\u00eda que devel\u00f3 la inc\u00f3gnita<\/h2>\n\n\n\n<p>El encargado del establecimiento se llama<strong>\u00a0Emilio S\u00e1ez<\/strong>\u00a0y su comercio es una parada obligada para aquellos que pasan por la zona. Luego de un viaje familiar, el artista hizo escala junto a su familia para comprar comida y, curiosamente, el propietario lo fotografi\u00f3 sin saber de qui\u00e9n se trataba. \u201cUn chofer de la gobernaci\u00f3n me dijo \u2018te traigo a un payaso famoso\u2019, pero yo no lo conoc\u00eda.\u00a0<strong>Junto a un empleado nos tomamos la instant\u00e1nea los tres<\/strong>\u201d, grafic\u00f3.<\/p>\n\n\n\n<p>\u201cYo ten\u00eda una c\u00e1mara de aquellas que llevaban un rollo de 36, con ella obten\u00eda fotos de artistas y personajes que pasaban por la panader\u00eda.<strong>&nbsp;Cuando la revel\u00e9 habr\u00e1n pasado como tres meses, la vi y se me ocurri\u00f3 hacer un cuadrito<\/strong>. Abajo dec\u00eda, claro, \u2018Pi\u00f1\u00f3n Fijo\u2019, y al pasar el tiempo la gente lo empez\u00f3 a reconocer. \u00a1Se sacaban fotos al lado del cuadro! Nunca pens\u00e9 que eso le har\u00eda mal\u201d, explic\u00f3 S\u00e1ez en una entrevista con un medio local.<\/p>\n\n\n\n<h2 class=\"wp-block-heading\">La foto de Pi\u00f1\u00f3n Fijo sin maquillaje: la versi\u00f3n del animador que fue desmentida por el autor de la postal<\/h2>\n\n\n\n<p>A\u00fan as\u00ed, el animador infantil hab\u00eda brindado otra versi\u00f3n de los hechos: \u201cVen\u00eda de un viaje, el due\u00f1o me pidi\u00f3 una foto y yo le dije \u2018as\u00ed como estoy no te sirve ni a vos ni a m\u00ed&#8217;. Pero me insisti\u00f3 y al final acced\u00ed pero le dije que quedaba entre nosotros.&nbsp;<strong>A la semana todo el mundo me estaba diciendo que me hab\u00eda visto en una postal sin maquillaje<\/strong>&nbsp;en una panader\u00eda de Tolhuin\u201d.<\/p>\n\n\n\n<figure class=\"wp-block-image\"><img decoding=\"async\" src=\"https:\/\/tn.com.ar\/resizer\/v2\/la-foto-del-actor-sin-maquillaje-tiene-casi-20-anos-foto-clarin-Q43PEEJSWRDBBKRBDHQSCFHHQQ.jpg?auth=1a4d0587721ea70bddc414dd34a80d2fdcdf56f4d6b9656028dd6ff0dce46359&amp;width=767\" alt=\"La foto del actor sin maquillaje tiene casi 20 a\u00f1os (Foto: Clar\u00edn)\"\/><figcaption class=\"wp-element-caption\">La foto del actor sin maquillaje tiene casi 20 a\u00f1os (Foto: Clar\u00edn)<\/figcaption><\/figure>\n\n\n\n<p>El propietario del local, a su vez, desminti\u00f3 aquella historia: \u201cNo fue tan as\u00ed, ser\u00eda incapaz de hacerle da\u00f1o a alguien y menos de esa manera. La cuesti\u00f3n es sencilla, si me hubiera dicho que no, seguro no hab\u00eda foto. Me pareci\u00f3 un tipazo, yo no sab\u00eda que a \u00e9l no le gustaba hasta que vino un hombre y me lo cont\u00f3.\u00a0<strong>Entonces saqu\u00e9 el\u00a0cuadro\u00a0y le quise pedir disculpas, pero nunca tuve la oportunidad<\/strong>. Nunca m\u00e1s lo vi\u201d.<\/p>\n\n\n\n<p>Recientemente, el autor de \u201cChu Chu Ua\u201d y \u201cVocales que son cinco\u201d qued\u00f3 en el ojo de la tormenta debido a que sus hijos Sol y Jerem\u00edas lo acusaron de haber ejercido maltrato:&nbsp;<strong>el actor se hab\u00eda quejado en redes porque no lo dejaban ver a su nieta<\/strong>&nbsp;y se hab\u00eda separado de su esposa Karina Su\u00e1rez tras 35 a\u00f1os de matrimonio. Finalmente,&nbsp;<strong>recompusieron su v\u00ednculo<\/strong>&nbsp;y hasta se animaron a compartir escenario en vacaciones de invierno.<\/p>\n","protected":false},"excerpt":{"rendered":"<p>Pi\u00f1\u00f3n Fijoes uno de los animadores infantiles m\u00e1s entra\u00f1ables del pa\u00eds y marc\u00f3 a toda una generaci\u00f3n de ni\u00f1os: su estilo carism\u00e1tico y sus canciones pegadizas, con su coreograf\u00eda correspondiente,&hellip; <\/p>\n","protected":false},"author":12,"featured_media":161267,"comment_status":"closed","ping_status":"open","sticky":false,"template":"","format":"standard","meta":{"footnotes":""},"categories":[19],"tags":[],"class_list":["post-161263","post","type-post","status-publish","format-standard","has-post-thumbnail","hentry","category-espectaculos"],"_links":{"self":[{"href":"https:\/\/corrientesdetarde.com\/index.php\/wp-json\/wp\/v2\/posts\/161263","targetHints":{"allow":["GET"]}}],"collection":[{"href":"https:\/\/corrientesdetarde.com\/index.php\/wp-json\/wp\/v2\/posts"}],"about":[{"href":"https:\/\/corrientesdetarde.com\/index.php\/wp-json\/wp\/v2\/types\/post"}],"author":[{"embeddable":true,"href":"https:\/\/corrientesdetarde.com\/index.php\/wp-json\/wp\/v2\/users\/12"}],"replies":[{"embeddable":true,"href":"https:\/\/corrientesdetarde.com\/index.php\/wp-json\/wp\/v2\/comments?post=161263"}],"version-history":[{"count":1,"href":"https:\/\/corrientesdetarde.com\/index.php\/wp-json\/wp\/v2\/posts\/161263\/revisions"}],"predecessor-version":[{"id":161268,"href":"https:\/\/corrientesdetarde.com\/index.php\/wp-json\/wp\/v2\/posts\/161263\/revisions\/161268"}],"wp:featuredmedia":[{"embeddable":true,"href":"https:\/\/corrientesdetarde.com\/index.php\/wp-json\/wp\/v2\/media\/161267"}],"wp:attachment":[{"href":"https:\/\/corrientesdetarde.com\/index.php\/wp-json\/wp\/v2\/media?parent=161263"}],"wp:term":[{"taxonomy":"category","embeddable":true,"href":"https:\/\/corrientesdetarde.com\/index.php\/wp-json\/wp\/v2\/categories?post=161263"},{"taxonomy":"post_tag","embeddable":true,"href":"https:\/\/corrientesdetarde.com\/index.php\/wp-json\/wp\/v2\/tags?post=161263"}],"curies":[{"name":"wp","href":"https:\/\/api.w.org\/{rel}","templated":true}]}}