{"id":161264,"date":"2024-08-23T14:52:02","date_gmt":"2024-08-23T17:52:02","guid":{"rendered":"https:\/\/corrientesdetarde.com\/?p=161264"},"modified":"2024-08-23T14:52:06","modified_gmt":"2024-08-23T17:52:06","slug":"cumbre-de-datos-2024-soluciones-de-datos-para-emprendimientos","status":"publish","type":"post","link":"https:\/\/corrientesdetarde.com\/index.php\/sociales\/cumbre-de-datos-2024-soluciones-de-datos-para-emprendimientos\/","title":{"rendered":"Cumbre de Datos 2024: \u201cSoluciones de datos para emprendimientos\u201d"},"content":{"rendered":"\n<p>En el marco de la Cumbre de Datos 2024, el pr\u00f3ximo martes 27 de agosto a las 19, &nbsp;Quellen Esp\u00edndola y Daniela Ca\u00f1ette de Buda Data Analytics, brindar\u00e1n una charla denominada \u201cSoluciones de datos para emprendimientos\u201d.<\/p>\n\n\n\n<p>Entender c\u00f3mo aprovechar los datos puede marcar la diferencia entre el \u00e9xito y el fracaso de un emprendimiento. Para ayudar a los emprendedores a navegar en este mar de informaci\u00f3n,Quellen Esp\u00edndola y Daniela Ca\u00f1ette de &nbsp;Buda Data Analytics una charla imperdible dirigida al p\u00fablico en general.<\/p>\n\n\n\n<p>En esta presentaci\u00f3n, se mostrar\u00e1 c\u00f3mo los datos pueden convertirse en un aliado estrat\u00e9gico para el crecimiento y la transformaci\u00f3n digital de cada emprendimiento. Aprender a identificar las soluciones adecuadas que no solo optimicen los procesos, sino que tambi\u00e9n generen un valor real y medible para tu negocio, es la clave.<\/p>\n\n\n\n<p>Link de incripci\u00f3n:&nbsp;<a href=\"https:\/\/cumbrededatos.ar\/inscripcion.html\" target=\"_blank\" rel=\"noreferrer noopener\">https:\/\/cumbrededatos.ar\/inscripcion.html<\/a><\/p>\n\n\n\n<p>M\u00e1s info:&nbsp;<a href=\"https:\/\/www.cumbrededatos.ar\/\" target=\"_blank\" rel=\"noreferrer noopener\">https:\/\/www.cumbrededatos.ar\/<\/a><\/p>\n\n\n\n<p>IG: @cumbrededatos<\/p>\n\n\n\n<p>Facebook: #CumbredeDatos<\/p>\n","protected":false},"excerpt":{"rendered":"<p>En el marco de la Cumbre de Datos 2024, el pr\u00f3ximo martes 27 de agosto a las 19, &nbsp;Quellen Esp\u00edndola y Daniela Ca\u00f1ette de Buda Data Analytics, brindar\u00e1n una charla&hellip; <\/p>\n","protected":false},"author":12,"featured_media":161265,"comment_status":"closed","ping_status":"open","sticky":false,"template":"","format":"standard","meta":{"footnotes":""},"categories":[17],"tags":[],"class_list":["post-161264","post","type-post","status-publish","format-standard","has-post-thumbnail","hentry","category-sociales"],"_links":{"self":[{"href":"https:\/\/corrientesdetarde.com\/index.php\/wp-json\/wp\/v2\/posts\/161264","targetHints":{"allow":["GET"]}}],"collection":[{"href":"https:\/\/corrientesdetarde.com\/index.php\/wp-json\/wp\/v2\/posts"}],"about":[{"href":"https:\/\/corrientesdetarde.com\/index.php\/wp-json\/wp\/v2\/types\/post"}],"author":[{"embeddable":true,"href":"https:\/\/corrientesdetarde.com\/index.php\/wp-json\/wp\/v2\/users\/12"}],"replies":[{"embeddable":true,"href":"https:\/\/corrientesdetarde.com\/index.php\/wp-json\/wp\/v2\/comments?post=161264"}],"version-history":[{"count":1,"href":"https:\/\/corrientesdetarde.com\/index.php\/wp-json\/wp\/v2\/posts\/161264\/revisions"}],"predecessor-version":[{"id":161266,"href":"https:\/\/corrientesdetarde.com\/index.php\/wp-json\/wp\/v2\/posts\/161264\/revisions\/161266"}],"wp:featuredmedia":[{"embeddable":true,"href":"https:\/\/corrientesdetarde.com\/index.php\/wp-json\/wp\/v2\/media\/161265"}],"wp:attachment":[{"href":"https:\/\/corrientesdetarde.com\/index.php\/wp-json\/wp\/v2\/media?parent=161264"}],"wp:term":[{"taxonomy":"category","embeddable":true,"href":"https:\/\/corrientesdetarde.com\/index.php\/wp-json\/wp\/v2\/categories?post=161264"},{"taxonomy":"post_tag","embeddable":true,"href":"https:\/\/corrientesdetarde.com\/index.php\/wp-json\/wp\/v2\/tags?post=161264"}],"curies":[{"name":"wp","href":"https:\/\/api.w.org\/{rel}","templated":true}]}}