{"id":161277,"date":"2024-08-23T15:05:40","date_gmt":"2024-08-23T18:05:40","guid":{"rendered":"https:\/\/corrientesdetarde.com\/?p=161277"},"modified":"2024-08-23T15:05:43","modified_gmt":"2024-08-23T18:05:43","slug":"durante-el-fin-de-semana-se-realizaran-ferias-de-emprendedores-y-paseo-san-luis","status":"publish","type":"post","link":"https:\/\/corrientesdetarde.com\/index.php\/sociales\/durante-el-fin-de-semana-se-realizaran-ferias-de-emprendedores-y-paseo-san-luis\/","title":{"rendered":"Durante el fin de semana se realizar\u00e1n ferias de emprendedores y Paseo San Luis"},"content":{"rendered":"\n<p>Las ferias de emprendedores del Ministerio de Desarrollo Social de la Provincia se llevar\u00e1n adelante este domingo en el horario de 10 a 21 en el Paseo Iber\u00e1 y en forma simult\u00e1nea de 14 a 21 en el Parque El Eucaliptal en el barrio San Ger\u00f3nimo de la ciudad de Corrientes. Adem\u00e1s, este viernes y s\u00e1bado tendr\u00e1 lugar el Paseo &#8220;San Luis&#8221; en el barrio Camba Cu\u00e1.<\/p>\n\n\n\n<p>Es as\u00ed que bajo la coordinaci\u00f3n de la Direcci\u00f3n de Comercializaci\u00f3n, la Expo-emprendedora se realizar\u00e1 en el Paseo Iber\u00e1, ubicado en la bajada del Puente General Belgrano y Costanera, por Lavalle entre D\u00edaz de Vivar y Cerrito, con la participaci\u00f3n de m\u00e1s de 300 emprendedores que estar\u00e1n exponiendo y comercializando sus productos. En el sector gastron\u00f3mico podr\u00e1n encontrar comidas t\u00edpicas y al paso, para que el p\u00fablico pueda llevarlo o consumirlo en el patio de comidas, mientras disfruta de shows musicales en vivo.<\/p>\n\n\n\n<p>Asimismo, la Multiferia estar\u00e1 en el Parque El Eucaliptal del barrio San Ger\u00f3nimo, por avenida Ra\u00fal Alfons\u00edn 5072, con exposici\u00f3n y venta de productos elaborados por emprendedores y artesanos.<\/p>\n\n\n\n<p><strong>Paseo San Luis<\/strong><\/p>\n\n\n\n<p>En el coraz\u00f3n del barrio Camba Cu\u00e1 de esta Capital, se habilitar\u00e1 este viernes y s\u00e1bado el Paseo &#8220;San Luis&#8221; ubicado por la calle San Luis 680, con locales de artesanos y emprendedores, con shows art\u00edsticos y gastronom\u00eda de calidad. En la oportunidad se contar\u00e1 el primer d\u00eda con la actuaci\u00f3n de Ana Paula y Guille Sol\u00eds, en un show ac\u00fastico desde las 21.30 horas;&nbsp;mientras que en la segunda jornada desde el mismo horario actuar\u00e1 Leo Acu\u00f1a.<\/p>\n","protected":false},"excerpt":{"rendered":"<p>Las ferias de emprendedores del Ministerio de Desarrollo Social de la Provincia se llevar\u00e1n adelante este domingo en el horario de 10 a 21 en el Paseo Iber\u00e1 y en&hellip; <\/p>\n","protected":false},"author":12,"featured_media":161278,"comment_status":"closed","ping_status":"open","sticky":false,"template":"","format":"standard","meta":{"footnotes":""},"categories":[17],"tags":[],"class_list":["post-161277","post","type-post","status-publish","format-standard","has-post-thumbnail","hentry","category-sociales"],"_links":{"self":[{"href":"https:\/\/corrientesdetarde.com\/index.php\/wp-json\/wp\/v2\/posts\/161277","targetHints":{"allow":["GET"]}}],"collection":[{"href":"https:\/\/corrientesdetarde.com\/index.php\/wp-json\/wp\/v2\/posts"}],"about":[{"href":"https:\/\/corrientesdetarde.com\/index.php\/wp-json\/wp\/v2\/types\/post"}],"author":[{"embeddable":true,"href":"https:\/\/corrientesdetarde.com\/index.php\/wp-json\/wp\/v2\/users\/12"}],"replies":[{"embeddable":true,"href":"https:\/\/corrientesdetarde.com\/index.php\/wp-json\/wp\/v2\/comments?post=161277"}],"version-history":[{"count":1,"href":"https:\/\/corrientesdetarde.com\/index.php\/wp-json\/wp\/v2\/posts\/161277\/revisions"}],"predecessor-version":[{"id":161279,"href":"https:\/\/corrientesdetarde.com\/index.php\/wp-json\/wp\/v2\/posts\/161277\/revisions\/161279"}],"wp:featuredmedia":[{"embeddable":true,"href":"https:\/\/corrientesdetarde.com\/index.php\/wp-json\/wp\/v2\/media\/161278"}],"wp:attachment":[{"href":"https:\/\/corrientesdetarde.com\/index.php\/wp-json\/wp\/v2\/media?parent=161277"}],"wp:term":[{"taxonomy":"category","embeddable":true,"href":"https:\/\/corrientesdetarde.com\/index.php\/wp-json\/wp\/v2\/categories?post=161277"},{"taxonomy":"post_tag","embeddable":true,"href":"https:\/\/corrientesdetarde.com\/index.php\/wp-json\/wp\/v2\/tags?post=161277"}],"curies":[{"name":"wp","href":"https:\/\/api.w.org\/{rel}","templated":true}]}}