{"id":161281,"date":"2024-08-23T16:43:50","date_gmt":"2024-08-23T19:43:50","guid":{"rendered":"https:\/\/corrientesdetarde.com\/?p=161281"},"modified":"2024-08-23T16:43:54","modified_gmt":"2024-08-23T19:43:54","slug":"con-eduardo-belliboni-a-la-cabeza-piqueteros-protestan-en-todo-el-pais","status":"publish","type":"post","link":"https:\/\/corrientesdetarde.com\/index.php\/politica\/con-eduardo-belliboni-a-la-cabeza-piqueteros-protestan-en-todo-el-pais\/","title":{"rendered":"Con Eduardo Belliboni a la cabeza, piqueteros protestan en todo el pa\u00eds"},"content":{"rendered":"\n<p>Hay protestas en todo el pa\u00eds por el reparto de alimentos y en contra de la batalla judicial que se desencaden\u00f3 con la ministra Sandra Pettovello, entre otras cuestiones<\/p>\n\n\n\n<p><a target=\"_blank\" rel=\"noreferrer noopener\" href=\"https:\/\/web.whatsapp.com\/send?text=viste%20esto?%20https:\/\/www.mdzol.com\/politica\/2024\/8\/23\/con-eduardo-belliboni-la-cabeza-piqueteros-protestan-en-todo-el-pais-453285.html\"><\/a>&nbsp;<\/p>\n\n\n\n<p>Movimientos\u00a0piqueteros\u00a0se manifiestan desde la ma\u00f1ana en todo el pa\u00eds con fuertes reclamos al\u00a0<strong>Ministerio de Capital Humano<\/strong>\u00a0que conduce\u00a0<strong>Sandra Pettovello<\/strong>. Los principales pedidos son &#8220;entrega inmediata de los alimentos a los comedores populares&#8221;, &#8220;aumento de los programas sociales al costo de una canasta b\u00e1sica&#8221;, &#8220;libertad a Daniela Calarco y Roberto de la Cruz&#8221; y\u00a0&#8220;cese de la persecuci\u00f3n a organizaciones sociales&#8221;.<\/p>\n\n\n\n<p>&#8220;En ocho meses, el gobierno de Milei arras\u00f3 con los derechos de los ni\u00f1os, los abuelos, los trabajadores y la Juventud.\u00a0UNICEF acaba de anunciar que hay 7 millones de chicos pobres y 1 mill\u00f3n y medio se van a dormir sin cenar, casi el 60 % de la poblaci\u00f3n est\u00e1 por debajo de l\u00edneas de pobreza y 10 millones de personas son indigentes&#8221;, dijo en un comunicado el l\u00edder del Polo Obrero,\u00a0Eduardo Belliboni.<\/p>\n\n\n\n<p>&#8220;Los despidos son masivos y m\u00e1s de 38 mil empresas anuncian que est\u00e1n en crisis y que podr\u00edan despedir cientos de miles de trabajadores antes de fin de a\u00f1o&#8221;, agreg\u00f3.<\/p>\n\n\n\n<figure class=\"wp-block-image\"><img decoding=\"async\" src=\"https:\/\/www.mdzol.com\/u\/fotografias\/m\/2024\/8\/23\/f768x1-1641362_1641489_54.jpeg\" alt=\"\"\/><figcaption class=\"wp-element-caption\">Piqueteros encabezan un &#8220;ollazo popular&#8221;. Foto: Polo Obrero<\/figcaption><\/figure>\n\n\n\n<p>Asimismo reclam\u00f3 por los comedores populares que &#8220;est\u00e1n cerrando por el recorte total de alimentos&#8221; y apunt\u00f3 contra los diarios y la Justicia.&nbsp;<\/p>\n\n\n\n<p>&#8220;Se han producido en dos\u00a0meses m\u00e1s de 120 allanamientos a comedores populares; \u00bfqu\u00e9\u00a0buscan? Los delitos en este pa\u00eds los comenten los que fugaron millones con la deuda externa o los narcos o los que hacen desaparecer nenes como el caso Loan en Corrientes, allanan los comedores donde se combate el hambre y no a los funcionarios que esconden la comida y generan hambre y desocupaci\u00f3n&#8221;, se quej\u00f3<\/p>\n\n\n\n<ul class=\"wp-block-list\"><\/ul>\n\n\n\n<p>Por el momento, los piquetes no presentaron incidentes ni desencadenaron que la ministra de Seguridad Patricia Bullrich active su protocolo. Se espera que la medida se extienda por la tarde.<\/p>\n","protected":false},"excerpt":{"rendered":"<p>Hay protestas en todo el pa\u00eds por el reparto de alimentos y en contra de la batalla judicial que se desencaden\u00f3 con la ministra Sandra Pettovello, entre otras cuestiones &nbsp;&hellip; <\/p>\n","protected":false},"author":12,"featured_media":161288,"comment_status":"closed","ping_status":"open","sticky":false,"template":"","format":"standard","meta":{"footnotes":""},"categories":[3],"tags":[],"class_list":["post-161281","post","type-post","status-publish","format-standard","has-post-thumbnail","hentry","category-politica"],"_links":{"self":[{"href":"https:\/\/corrientesdetarde.com\/index.php\/wp-json\/wp\/v2\/posts\/161281","targetHints":{"allow":["GET"]}}],"collection":[{"href":"https:\/\/corrientesdetarde.com\/index.php\/wp-json\/wp\/v2\/posts"}],"about":[{"href":"https:\/\/corrientesdetarde.com\/index.php\/wp-json\/wp\/v2\/types\/post"}],"author":[{"embeddable":true,"href":"https:\/\/corrientesdetarde.com\/index.php\/wp-json\/wp\/v2\/users\/12"}],"replies":[{"embeddable":true,"href":"https:\/\/corrientesdetarde.com\/index.php\/wp-json\/wp\/v2\/comments?post=161281"}],"version-history":[{"count":1,"href":"https:\/\/corrientesdetarde.com\/index.php\/wp-json\/wp\/v2\/posts\/161281\/revisions"}],"predecessor-version":[{"id":161289,"href":"https:\/\/corrientesdetarde.com\/index.php\/wp-json\/wp\/v2\/posts\/161281\/revisions\/161289"}],"wp:featuredmedia":[{"embeddable":true,"href":"https:\/\/corrientesdetarde.com\/index.php\/wp-json\/wp\/v2\/media\/161288"}],"wp:attachment":[{"href":"https:\/\/corrientesdetarde.com\/index.php\/wp-json\/wp\/v2\/media?parent=161281"}],"wp:term":[{"taxonomy":"category","embeddable":true,"href":"https:\/\/corrientesdetarde.com\/index.php\/wp-json\/wp\/v2\/categories?post=161281"},{"taxonomy":"post_tag","embeddable":true,"href":"https:\/\/corrientesdetarde.com\/index.php\/wp-json\/wp\/v2\/tags?post=161281"}],"curies":[{"name":"wp","href":"https:\/\/api.w.org\/{rel}","templated":true}]}}