{"id":161283,"date":"2024-08-23T16:47:45","date_gmt":"2024-08-23T19:47:45","guid":{"rendered":"https:\/\/corrientesdetarde.com\/?p=161283"},"modified":"2024-08-23T16:47:50","modified_gmt":"2024-08-23T19:47:50","slug":"dos-amenazas-de-bomba-en-rosario-antes-de-la-visita-de-javier-milei","status":"publish","type":"post","link":"https:\/\/corrientesdetarde.com\/index.php\/politica\/dos-amenazas-de-bomba-en-rosario-antes-de-la-visita-de-javier-milei\/","title":{"rendered":"Dos amenazas de bomba en Rosario antes de la visita de Javier Milei"},"content":{"rendered":"\n<p><a target=\"_blank\" rel=\"noreferrer noopener\" href=\"https:\/\/web.whatsapp.com\/send?text=viste%20esto?%20https:\/\/www.mdzol.com\/sociedad\/2024\/8\/23\/dos-amenazas-de-bomba-en-rosario-antes-de-la-visita-de-javier-milei-453330.html\"><\/a>&nbsp;<\/p>\n\n\n\n<p>Dos amenazas de bomba sacuden a Rosario en la previa de la visita del presidente de la Naci\u00f3n\u00a0<strong>Javier Milei<\/strong>. Una ocurri\u00f3 en la sede de la\u00a0<strong>Bolsa de Comercio\u00a0<\/strong>y la otra en el\u00a0Aeropuerto Internacional Rosario &#8220;Islas Malvinas&#8221;.\u00a0<\/p>\n\n\n\n<p>R\u00e1pidamente el p\u00e1nico y el temor se apoder\u00f3 de las personas que estaban en el interior del Edificio, ubicado en pleno centro de Rosario,&nbsp;y fue inmediatamente desalojado por la polic\u00eda y bomberos que llegaron hasta el lugar. La Brigada de explosivos se encuentra peritando el lugar.&nbsp;<\/p>\n\n\n\n<p>Las amenazas de bomba se dan horas antes del arribo&nbsp;de Javier Milei&nbsp;a Rosario donde participar\u00e1&nbsp;del acto central por los 140 a\u00f1os de la Bolsa de Comercio de Rosario. Estar\u00e1 acompa\u00f1ado por el gobernador de la provincia de Santa Fe, Maximiliano Pullaro y el intendente de la ciudad, Pablo Javkin.&nbsp;<\/p>\n\n\n\n<p>En el Aeropuerto&nbsp;lo recibir\u00e1&nbsp;la diputada nacional por Santa Fe, Romina Diez, de estrecho v\u00ednculo con la familia&nbsp;Milei.<\/p>\n\n\n\n<figure class=\"wp-block-image\"><img decoding=\"async\" src=\"https:\/\/www.mdzol.com\/u\/fotografias\/m\/2024\/8\/23\/f768x400-1641452_1685355_133.png\" alt=\"\"\/><figcaption class=\"wp-element-caption\">Preocupaci\u00f3n en Rosario previo a la llegada de Milei. Foto: X<\/figcaption><\/figure>\n\n\n\n<p>La llegada del presidente Javier Milei se da en un contexto de dificultad para el gobierno de La Libertad Avanza que viene de sufrir un duro rev\u00e9s de parte de la oposici\u00f3n con el cambio de las jubilaciones y del DNU 656\/23 que le dio 100 mil millones de pesos a la SIDE para fondos reservados.<\/p>\n\n\n\n<ul class=\"wp-block-list\"><\/ul>\n\n\n\n<p>A su vez, en el sector empresario del campo hay expectativas por el discurso de Milei y esperan que llegue acompa\u00f1ado de anuncios que beneficien al sector agroexportador.&nbsp;<\/p>\n\n\n\n<figure class=\"wp-block-image\"><img decoding=\"async\" src=\"https:\/\/www.mdzol.com\/u\/fotografias\/m\/2024\/8\/23\/f768x400-1641460_1685363_0.png\" alt=\"\"\/><figcaption class=\"wp-element-caption\">Desalojaron la Bolsa de Comercio. Foto: X<\/figcaption><\/figure>\n\n\n\n<p>La \u00faltima vez que el presidente&nbsp;Milei&nbsp;estuvo en Rosario fue para el acto del 20 de junio en el Monumento a la Bandera junto con&nbsp;Pullaro. All\u00ed el jefe de Estado dio un breve discurso ante el p\u00fablico que se acerc\u00f3, al igual que el gobernador que aprovech\u00f3 la visita para lanzar algunas cr\u00edticas.<\/p>\n","protected":false},"excerpt":{"rendered":"<p>&nbsp; Dos amenazas de bomba sacuden a Rosario en la previa de la visita del presidente de la Naci\u00f3n\u00a0Javier Milei. Una ocurri\u00f3 en la sede de la\u00a0Bolsa de Comercio\u00a0y la&hellip; <\/p>\n","protected":false},"author":12,"featured_media":161292,"comment_status":"closed","ping_status":"open","sticky":false,"template":"","format":"standard","meta":{"footnotes":""},"categories":[3],"tags":[],"class_list":["post-161283","post","type-post","status-publish","format-standard","has-post-thumbnail","hentry","category-politica"],"_links":{"self":[{"href":"https:\/\/corrientesdetarde.com\/index.php\/wp-json\/wp\/v2\/posts\/161283","targetHints":{"allow":["GET"]}}],"collection":[{"href":"https:\/\/corrientesdetarde.com\/index.php\/wp-json\/wp\/v2\/posts"}],"about":[{"href":"https:\/\/corrientesdetarde.com\/index.php\/wp-json\/wp\/v2\/types\/post"}],"author":[{"embeddable":true,"href":"https:\/\/corrientesdetarde.com\/index.php\/wp-json\/wp\/v2\/users\/12"}],"replies":[{"embeddable":true,"href":"https:\/\/corrientesdetarde.com\/index.php\/wp-json\/wp\/v2\/comments?post=161283"}],"version-history":[{"count":1,"href":"https:\/\/corrientesdetarde.com\/index.php\/wp-json\/wp\/v2\/posts\/161283\/revisions"}],"predecessor-version":[{"id":161293,"href":"https:\/\/corrientesdetarde.com\/index.php\/wp-json\/wp\/v2\/posts\/161283\/revisions\/161293"}],"wp:featuredmedia":[{"embeddable":true,"href":"https:\/\/corrientesdetarde.com\/index.php\/wp-json\/wp\/v2\/media\/161292"}],"wp:attachment":[{"href":"https:\/\/corrientesdetarde.com\/index.php\/wp-json\/wp\/v2\/media?parent=161283"}],"wp:term":[{"taxonomy":"category","embeddable":true,"href":"https:\/\/corrientesdetarde.com\/index.php\/wp-json\/wp\/v2\/categories?post=161283"},{"taxonomy":"post_tag","embeddable":true,"href":"https:\/\/corrientesdetarde.com\/index.php\/wp-json\/wp\/v2\/tags?post=161283"}],"curies":[{"name":"wp","href":"https:\/\/api.w.org\/{rel}","templated":true}]}}