{"id":161314,"date":"2024-08-23T22:57:10","date_gmt":"2024-08-24T01:57:10","guid":{"rendered":"https:\/\/corrientesdetarde.com\/?p=161314"},"modified":"2024-08-23T22:57:15","modified_gmt":"2024-08-24T01:57:15","slug":"talleres-se-manejo-como-una-sociedad-anonima-dijo-el-presidente-del-club-cordobes","status":"publish","type":"post","link":"https:\/\/corrientesdetarde.com\/index.php\/deportes\/talleres-se-manejo-como-una-sociedad-anonima-dijo-el-presidente-del-club-cordobes\/","title":{"rendered":"\u201cTalleres se manej\u00f3 como una sociedad an\u00f3nima\u201d, dijo el presidente del club cordob\u00e9s"},"content":{"rendered":"\n<p>Andr\u00e9s Fassi tambi\u00e9n critic\u00f3 a la gente que pide cosas y cree que es f\u00e1cil de hacer.<\/p>\n\n\n\n<p><strong>El presidente de Talleres de C\u00f3rdoba, Andr\u00e9s Fassi, asegur\u00f3 que el club se manej\u00f3 como una sociedad an\u00f3nima en estos \u00faltimos a\u00f1os y sostuvo que \u201cno tienen ni idea de c\u00f3mo hacerse competitivo\u201d los que hablan de mala gesti\u00f3n de su dirigencia.<\/strong><\/p>\n\n\n\n<p><strong>\u201cTalleres, estos \u00faltimos a\u00f1os se manej\u00f3 como una sociedad an\u00f3nima\u201d<\/strong>, expres\u00f3 Fassi al medio radial cordob\u00e9s Futbol\u00e9mico. Y agreg\u00f3:&nbsp;<strong>\u201cVino una persona a poner un recurso econ\u00f3mico muy importante y a profesionalizar el club. As\u00ed, no dependemos de nadie desde el aspecto econ\u00f3mico\u201d<\/strong>.<\/p>\n\n\n\n<p>El mandatario del club tambi\u00e9n estuvo en contra de los que lo critican por trabajar as\u00ed y asegur\u00f3 que \u201cno tienen ni idea\u201d:&nbsp;<strong>\u201cToda esa gente que critica, \u00bfalguna vez le pagaron el sueldo a dos personas o saben lo que es tener 517 personas a cargo?\u201d<\/strong>.<\/p>\n\n\n\n<p><strong>\u201cSeguramente muchos de los que critican no tienen la menor idea de lo que es manejar una negociaci\u00f3n de esta envergadura, no tienen ni idea lo que es generar un Talleres competitivo\u201d<\/strong>, continu\u00f3 Fassi.<\/p>\n\n\n\n<p>Adem\u00e1s, revel\u00f3 que mucha gente le pide traer a tal futbolista o mantener a este otro, pero Fassi explic\u00f3 que muchas veces es imposible:&nbsp;<strong>\u201cChe, que se quede (Ram\u00f3n) Sosa, che, \u00bfpor qu\u00e9 no traes a aquel? El hincha se cree que es f\u00e1cil, es muy f\u00e1cil hablar\u201d<\/strong>.<\/p>\n\n\n\n<p>Finalmente, Fassi coment\u00f3 que hubo varios planes para cubrir la salida del paraguayo Sosa, pero ninguno se pudo concluir:&nbsp;<strong>\u201c(Brian) Aguirre, (Mateo) Sanabria y (Benjam\u00edn) Dom\u00ednguez fueron los tres extremos que buscamos para reemplazar a Sosa. Si vos te fijas, los tres fueron transferidos al exterior\u201d.<\/strong><\/p>\n\n\n\n<p>No obstante, el presidente tuvo un error, ya que Aguirre, exjugador de Newell\u2019s, termin\u00f3 como nuevo refuerzo de Boca, a pesar de las ofertas que recibi\u00f3 desde Europa.<\/p>\n","protected":false},"excerpt":{"rendered":"<p>Andr\u00e9s Fassi tambi\u00e9n critic\u00f3 a la gente que pide cosas y cree que es f\u00e1cil de hacer. El presidente de Talleres de C\u00f3rdoba, Andr\u00e9s Fassi, asegur\u00f3 que el club se&hellip; <\/p>\n","protected":false},"author":4,"featured_media":161334,"comment_status":"closed","ping_status":"open","sticky":false,"template":"","format":"standard","meta":{"footnotes":""},"categories":[4],"tags":[],"class_list":["post-161314","post","type-post","status-publish","format-standard","has-post-thumbnail","hentry","category-deportes"],"_links":{"self":[{"href":"https:\/\/corrientesdetarde.com\/index.php\/wp-json\/wp\/v2\/posts\/161314","targetHints":{"allow":["GET"]}}],"collection":[{"href":"https:\/\/corrientesdetarde.com\/index.php\/wp-json\/wp\/v2\/posts"}],"about":[{"href":"https:\/\/corrientesdetarde.com\/index.php\/wp-json\/wp\/v2\/types\/post"}],"author":[{"embeddable":true,"href":"https:\/\/corrientesdetarde.com\/index.php\/wp-json\/wp\/v2\/users\/4"}],"replies":[{"embeddable":true,"href":"https:\/\/corrientesdetarde.com\/index.php\/wp-json\/wp\/v2\/comments?post=161314"}],"version-history":[{"count":1,"href":"https:\/\/corrientesdetarde.com\/index.php\/wp-json\/wp\/v2\/posts\/161314\/revisions"}],"predecessor-version":[{"id":161335,"href":"https:\/\/corrientesdetarde.com\/index.php\/wp-json\/wp\/v2\/posts\/161314\/revisions\/161335"}],"wp:featuredmedia":[{"embeddable":true,"href":"https:\/\/corrientesdetarde.com\/index.php\/wp-json\/wp\/v2\/media\/161334"}],"wp:attachment":[{"href":"https:\/\/corrientesdetarde.com\/index.php\/wp-json\/wp\/v2\/media?parent=161314"}],"wp:term":[{"taxonomy":"category","embeddable":true,"href":"https:\/\/corrientesdetarde.com\/index.php\/wp-json\/wp\/v2\/categories?post=161314"},{"taxonomy":"post_tag","embeddable":true,"href":"https:\/\/corrientesdetarde.com\/index.php\/wp-json\/wp\/v2\/tags?post=161314"}],"curies":[{"name":"wp","href":"https:\/\/api.w.org\/{rel}","templated":true}]}}