{"id":161315,"date":"2024-08-23T21:54:26","date_gmt":"2024-08-24T00:54:26","guid":{"rendered":"https:\/\/corrientesdetarde.com\/?p=161315"},"modified":"2024-08-23T21:54:38","modified_gmt":"2024-08-24T00:54:38","slug":"caso-loan-el-hecho-que-puede-ser-clave-para-resolver-el-caso-y-no-le-cierra-a-los-investigadores-2","status":"publish","type":"post","link":"https:\/\/corrientesdetarde.com\/index.php\/actualidad\/caso-loan-el-hecho-que-puede-ser-clave-para-resolver-el-caso-y-no-le-cierra-a-los-investigadores-2\/","title":{"rendered":"Caso Loan: el hecho que puede ser clave para resolver el caso y no le cierra a los investigadores"},"content":{"rendered":"\n<p>En el naranjal donde desapareci\u00f3 el ni\u00f1o de 5 a\u00f1os, la geolocalizaci\u00f3n registr\u00f3 cuatro celulares cuando supuestamente hab\u00eda solo tres adultos.<\/p>\n\n\n\n<p>A m\u00e1s de dos meses de la desaparici\u00f3n de Loan Danilo Pe\u00f1a en Corrientes, se descubri\u00f3 un hecho que no le cierra a los investigadores y puede pasar a ser clave en la caso. Se trata de la geolocalizaci\u00f3n de un cuarto celular en el naranjal, donde en principio el ni\u00f1o de 5 a\u00f1os estuvo por \u00faltima vez junto a tres adultos.<\/p>\n\n\n\n<p>Fuentes cercanas a la investigaci\u00f3n revelaron que&nbsp;<strong>\u201cla geolocalizaci\u00f3n de un cuarto celular impact\u00f3 en el naranjal\u201d y \u201cest\u00e1n investigando a quien pertenece\u201d.<\/strong><\/p>\n\n\n\n<p>\u201cSale en el sentido contrario.&nbsp;<strong>Lo curioso es que hay 4 celulares, y hab\u00eda tres adultos (supuestamente en el naranjal).&nbsp;<\/strong>Hay uno que entra en el mismo radio del naranjal y se va hacia otro lugar diferente\u201d, se\u00f1alaron.<\/p>\n\n\n\n<p>De esta manera, la aparici\u00f3n de un nuevo dispositivo podr\u00eda ser clave en la causa y podr\u00eda brindar nuevos indicios para saber que ocurri\u00f3 con Loan el pasado 13 de junio.<\/p>\n\n\n\n<p><strong>Para Fernando Burlando, la causa Loan est\u00e1 \u201csin rumbo\u201d y con \u201cmuchas trabas\u201d<\/strong><br>El abogado de la familia del ni\u00f1o de 5 a\u00f1os desaparecido en Corrientes se manifest\u00f3 en las \u00faltimas horas en relaci\u00f3n a la causa. Asegur\u00f3 que \u201cnos cuesta mucho encaminar, proponer medidas y que se realicen. Es una tarea mucho m\u00e1s complicada de lo que pensamos\u201d.<\/p>\n\n\n\n<p>\u201cEstamos muy disgustados con una investigaci\u00f3n que est\u00e1 en un limbo, desorientada\u201d, explic\u00f3 el letrado que a su vez,revel\u00f3 que la familia de Loan est\u00e1 \u201cinsatisfecha\u201d por el accionar de la jueza Penzo.<\/p>\n\n\n\n<p>En una entrevista por ElTrece, Burlando advirti\u00f3 de todas maneras que \u201cva seguir hasta al final y a denunciar a quien tengamos que denunciar. Vamos a seguir, mientras respiremos, hasta el \u00faltimo momento para buscar y dar con Loan\u201d.<\/p>\n","protected":false},"excerpt":{"rendered":"<p>En el naranjal donde desapareci\u00f3 el ni\u00f1o de 5 a\u00f1os, la geolocalizaci\u00f3n registr\u00f3 cuatro celulares cuando supuestamente hab\u00eda solo tres adultos. A m\u00e1s de dos meses de la desaparici\u00f3n de&hellip; <\/p>\n","protected":false},"author":4,"featured_media":161326,"comment_status":"closed","ping_status":"open","sticky":false,"template":"","format":"standard","meta":{"footnotes":""},"categories":[23],"tags":[],"class_list":["post-161315","post","type-post","status-publish","format-standard","has-post-thumbnail","hentry","category-actualidad"],"_links":{"self":[{"href":"https:\/\/corrientesdetarde.com\/index.php\/wp-json\/wp\/v2\/posts\/161315","targetHints":{"allow":["GET"]}}],"collection":[{"href":"https:\/\/corrientesdetarde.com\/index.php\/wp-json\/wp\/v2\/posts"}],"about":[{"href":"https:\/\/corrientesdetarde.com\/index.php\/wp-json\/wp\/v2\/types\/post"}],"author":[{"embeddable":true,"href":"https:\/\/corrientesdetarde.com\/index.php\/wp-json\/wp\/v2\/users\/4"}],"replies":[{"embeddable":true,"href":"https:\/\/corrientesdetarde.com\/index.php\/wp-json\/wp\/v2\/comments?post=161315"}],"version-history":[{"count":1,"href":"https:\/\/corrientesdetarde.com\/index.php\/wp-json\/wp\/v2\/posts\/161315\/revisions"}],"predecessor-version":[{"id":161327,"href":"https:\/\/corrientesdetarde.com\/index.php\/wp-json\/wp\/v2\/posts\/161315\/revisions\/161327"}],"wp:featuredmedia":[{"embeddable":true,"href":"https:\/\/corrientesdetarde.com\/index.php\/wp-json\/wp\/v2\/media\/161326"}],"wp:attachment":[{"href":"https:\/\/corrientesdetarde.com\/index.php\/wp-json\/wp\/v2\/media?parent=161315"}],"wp:term":[{"taxonomy":"category","embeddable":true,"href":"https:\/\/corrientesdetarde.com\/index.php\/wp-json\/wp\/v2\/categories?post=161315"},{"taxonomy":"post_tag","embeddable":true,"href":"https:\/\/corrientesdetarde.com\/index.php\/wp-json\/wp\/v2\/tags?post=161315"}],"curies":[{"name":"wp","href":"https:\/\/api.w.org\/{rel}","templated":true}]}}