{"id":161328,"date":"2024-08-23T22:44:56","date_gmt":"2024-08-24T01:44:56","guid":{"rendered":"https:\/\/corrientesdetarde.com\/?p=161328"},"modified":"2024-08-23T22:45:08","modified_gmt":"2024-08-24T01:45:08","slug":"irresponsable-ilegal-e-inconstitucional-milei-vetara-la-reforma-jubilatoria","status":"publish","type":"post","link":"https:\/\/corrientesdetarde.com\/index.php\/politica\/irresponsable-ilegal-e-inconstitucional-milei-vetara-la-reforma-jubilatoria\/","title":{"rendered":"&#8220;Irresponsable, ilegal e inconstitucional&#8221;: Milei vetar\u00e1 la reforma jubilatoria"},"content":{"rendered":"\n<p>El presidente tom\u00f3 la decisi\u00f3n de rechazar la ley sancionada por el Congreso. Emiti\u00f3 duras cr\u00edticas contra la oposici\u00f3n.<\/p>\n\n\n\n<p>El presidente Javier Milei decidi\u00f3 esta noche vetar la ley de movilidad jubilatoria aprobada durante la jornada por dos tercios del Senado. En un comunicado, el Gobierno calific\u00f3 al proyecto como &#8220;irresponsable, ilegal e inconstitucional&#8221; y asegur\u00f3: &#8220;Ser\u00e1 vetado&#8221;.<\/p>\n\n\n\n<p>El mandatario se inclin\u00f3 por el veto de la legislaci\u00f3n, en resguardo del super\u00e1vit fiscal. &#8220;No nos van a voltear el super\u00e1vit fiscal&#8230;&#8221;, escribi\u00f3 cerca de la medianoche en su cuenta de redes sociales.<\/p>\n\n\n\n<p>La publicaci\u00f3n fue acompa\u00f1ada por una imagen de Milei junto a los ministros de Econom\u00eda, Luis Caputo, y de Desregulaci\u00f3n y Transformaci\u00f3n, Federico Sturzenegger, adem\u00e1s del diputado nacional Jos\u00e9 Luis Espert y un grupo de asesores en materia econ\u00f3mica, entre los que se encuentra Dami\u00e1n Reidel y Miguel Boggiano.<\/p>\n\n\n\n<p>Minutos despu\u00e9s, la Oficina del Presidente public\u00f3 un comunicado adelantando que &#8220;el Presidente Javier Milei, tal cual se comprometi\u00f3 con los argentinos, vetar\u00e1 el proyecto aprobado hoy por el Congreso de la Naci\u00f3n&#8221;, el cual, seg\u00fan dijeron, &#8220;tiene como \u00fanico objetivo destruir el programa econ\u00f3mico del Gobierno&#8221;.<\/p>\n\n\n\n<p>&#8220;El Presidente se comprometi\u00f3 con los argentinos a sostener el super\u00e1vit fiscal a toda costa y as\u00ed lo har\u00e1&#8221;, prosiguieron desde la cuenta oficial del Gobierno. Y acusaron al Parlamento nacional de hacer &#8220;un acto de populismo demag\u00f3gico&#8221;, sancionado &#8220;un proyecto de ley irresponsable, ilegal e inconstitucional que establece gastos exorbitantes sin su correspondiente partida presupuestaria&#8221;.<\/p>\n\n\n\n<p>A continuaci\u00f3n, denunciaron que si se entrara en vigencia la ley &#8220;implicar\u00eda necesariamente que el Gobierno vuelva a caer en las viejas pr\u00e1cticas de la emisi\u00f3n monetaria, el aumento de impuestos, o el endeudamiento, que son las mismas recetas que nos han llevado al fracaso durante los \u00faltimos 100 a\u00f1os&#8221;.<\/p>\n\n\n\n<p>Respecto al gasto que insumir\u00eda su promulgaci\u00f3n, el Gobierno afirm\u00f3 que rondar\u00eda &#8220;un gasto adicional del 1,2% del PBI, o lo que es lo mismo, 25% del PBI en t\u00e9rminos din\u00e1micos, obligando al Estado a contraer deuda que deber\u00e1n pagar en el futuro los j\u00f3venes argentinos que, gracias a medidas como \u00e9sta, hoy son mayoritariamente pobres&#8221;.<\/p>\n\n\n\n<p>Asimismo, consideraron como &#8220;parad\u00f3jico&#8221; que la clase pol\u00edtica &#8220;se acuerde de los jubilados hoy y no durante el gobierno de Alberto Fern\u00e1ndez y de Sergio Massa&#8221;. Seg\u00fan indicaron, solo en el \u00faltimo a\u00f1o de gobierno del Frente de Todos los haberes jubilatorios &#8220;cayeron m\u00e1s del 30% acompa\u00f1ado de una suba sideral del gasto p\u00fablico&#8221;. En contrapartida, aseguraron que desde enero &#8220;las jubilaciones han aumentado un 5% en t\u00e9rminos reales mientras bajamos el gasto y destruimos la inflaci\u00f3n&#8221;.<\/p>\n\n\n\n<p>El Gobierno calific\u00f3 la ley jubilatoria como una &#8220;irresponsabilidad fiscal&#8221; y adelant\u00f3 que se vetar\u00e1<br>Fiel al estilo comunicacional del Gobierno de Milei, acusaron a la pol\u00edtica de querer &#8220;forzar al Gobierno a oponerse a esta medida demag\u00f3gica para anotarse una victoria pol\u00edtica, pero como el Presidente de la Naci\u00f3n ha dicho en innumerables oportunidades, nosotros preferimos decir una verdad inc\u00f3moda a una mentira confortable&#8221;.<\/p>\n\n\n\n<p>Luego, calificaron al proyecto de movilidad jubilatoria sancionado por el Congreso &#8220;con la anuencia de todos los partidos pol\u00edticos&#8221; como &#8220;una estafa moral, un acto de demagogia populista y una irresponsabilidad fiscal&#8221;. Y adelantaron: &#8220;Por lo tanto ser\u00e1 vetado por este Gobierno, el cual no tiene miedo de pagar los costos que hagan falta para sacar a este pais de la decadencia en la que nos han sumergido&#8221;.<\/p>\n\n\n\n<p>&#8220;Confiamos en que los que durante a\u00f1os se han amparado en el cambio no se presten al juego de quienes quieren destruir el programa econ\u00f3mico del Gobierno, Es tiempo de que la dirigencia pol\u00edtica elija de qu\u00e9 lado quiere estar del lado de los que queremos una Argentina distinta luego de d\u00e9cadas de fracaso, o del lado de los extorsionadores que utilizan la pol\u00edtica para su propio beneficio personal&#8221;, concluyeron en el comunicado.<\/p>\n\n\n\n<p>M\u00e1s temprano, desde el mandatario hasta el vocero presidencial, pasando por el ministro de Econom\u00eda, Luis Caputo, anticiparon que se vetar\u00eda la ley: &#8220;El equilibrio fiscal es absolutamente innegociable&#8221;, se\u00f1alaron este jueves.<\/p>\n\n\n\n<p>La medida aprobada esta tarde con 61 votos afirmativos, 8 negativos y ninguna abstenci\u00f3n, dispone un cambio en la f\u00f3rmula y determina el pago de un ingreso extra de un 8,1% a los jubilados.<\/p>\n","protected":false},"excerpt":{"rendered":"<p>El presidente tom\u00f3 la decisi\u00f3n de rechazar la ley sancionada por el Congreso. Emiti\u00f3 duras cr\u00edticas contra la oposici\u00f3n. El presidente Javier Milei decidi\u00f3 esta noche vetar la ley de&hellip; <\/p>\n","protected":false},"author":4,"featured_media":161329,"comment_status":"closed","ping_status":"open","sticky":false,"template":"","format":"standard","meta":{"footnotes":""},"categories":[3],"tags":[],"class_list":["post-161328","post","type-post","status-publish","format-standard","has-post-thumbnail","hentry","category-politica"],"_links":{"self":[{"href":"https:\/\/corrientesdetarde.com\/index.php\/wp-json\/wp\/v2\/posts\/161328","targetHints":{"allow":["GET"]}}],"collection":[{"href":"https:\/\/corrientesdetarde.com\/index.php\/wp-json\/wp\/v2\/posts"}],"about":[{"href":"https:\/\/corrientesdetarde.com\/index.php\/wp-json\/wp\/v2\/types\/post"}],"author":[{"embeddable":true,"href":"https:\/\/corrientesdetarde.com\/index.php\/wp-json\/wp\/v2\/users\/4"}],"replies":[{"embeddable":true,"href":"https:\/\/corrientesdetarde.com\/index.php\/wp-json\/wp\/v2\/comments?post=161328"}],"version-history":[{"count":1,"href":"https:\/\/corrientesdetarde.com\/index.php\/wp-json\/wp\/v2\/posts\/161328\/revisions"}],"predecessor-version":[{"id":161330,"href":"https:\/\/corrientesdetarde.com\/index.php\/wp-json\/wp\/v2\/posts\/161328\/revisions\/161330"}],"wp:featuredmedia":[{"embeddable":true,"href":"https:\/\/corrientesdetarde.com\/index.php\/wp-json\/wp\/v2\/media\/161329"}],"wp:attachment":[{"href":"https:\/\/corrientesdetarde.com\/index.php\/wp-json\/wp\/v2\/media?parent=161328"}],"wp:term":[{"taxonomy":"category","embeddable":true,"href":"https:\/\/corrientesdetarde.com\/index.php\/wp-json\/wp\/v2\/categories?post=161328"},{"taxonomy":"post_tag","embeddable":true,"href":"https:\/\/corrientesdetarde.com\/index.php\/wp-json\/wp\/v2\/tags?post=161328"}],"curies":[{"name":"wp","href":"https:\/\/api.w.org\/{rel}","templated":true}]}}