{"id":161331,"date":"2024-08-23T22:54:57","date_gmt":"2024-08-24T01:54:57","guid":{"rendered":"https:\/\/corrientesdetarde.com\/?p=161331"},"modified":"2024-08-23T22:55:08","modified_gmt":"2024-08-24T01:55:08","slug":"milei-adelanto-que-el-proyecto-de-ley-de-presupuesto-mantendra-a-rajatabla-el-deficit-cero-tanto-fiscal-como-financiero","status":"publish","type":"post","link":"https:\/\/corrientesdetarde.com\/index.php\/politica\/milei-adelanto-que-el-proyecto-de-ley-de-presupuesto-mantendra-a-rajatabla-el-deficit-cero-tanto-fiscal-como-financiero\/","title":{"rendered":"Milei adelant\u00f3 que el proyecto de Ley de Presupuesto mantendr\u00e1 a rajatabla \u201cel d\u00e9ficit cero\u201d tanto fiscal como financiero"},"content":{"rendered":"\n<p><\/p>\n\n\n\n<p>Si se tiene crecimiento econ\u00f3mico mayor al esperado, y por lo tanto m\u00e1s ingresos fiscales \u201cvamos a bajar los impuestos\u201d, asegur\u00f3 el mandatario.<\/p>\n\n\n\n<p>El presidente Javier Milei anticip\u00f3 hoy que el proyecto de Ley de Presupuesto que p\u00b4resentar\u00e1 en el Congreso antes del 15 de septiembre \u201cmantendr\u00e1 el d\u00e9ficit cero\u201d tanto anivel fiscal como a nivel financiero.<\/p>\n\n\n\n<p>\u201cNosotros hemos anunciado una pol\u00edtica de d\u00e9ficit cero, y eso no es caprichoso, porque los d\u00e9ficit hay que financiarlos.\u201d con mas deuda o emisi\u00f3n, advirti\u00f3 Milei durante el acto celebrado esta noche en el acto por el 140 Aniversario de la Bolsa de Comercio de Rosario.<\/p>\n\n\n\n<p>El mandatario apunt\u00f3 a que \u201cel d\u00e9ficit primario \u00b4cero\u2019 no alcanza si ustedes tienen deuda\u201d que pagar, por eso es que \u201ctenemos que tener tambi\u00e9n d\u00e9ficit cero a nivel financiero\u201d.<\/p>\n\n\n\n<p>Milei, quien critic\u00f3 a la oposici\u00f3n por lo que implicar\u00eda el aumento de las jubilaciones, tambi\u00e9n carg\u00f3 contra los pol\u00edticos a quienes tambi\u00e9n \u201cdeber\u00eda importarles llegar a grado de inversi\u00f3n\u201d en lo que respecta a la calificaciones de riesgo crediticio.<\/p>\n\n\n\n<p>Adelant\u00f3 que en el pr\u00f3ximo Presupuesto para el 2025 \u201cel super\u00e1vit primario debe ser igual a la deuda\u201d a pagar.<\/p>\n\n\n\n<p>Para confeccionar ese Presupuesto \u201csi la tasa de crecimiento es mayor a la que proyectamos\u201d, con los ingresos extraordinarios \u201chacemos caja, y nos da recursos para manejar la deuda que ya existe\u201d.<\/p>\n\n\n\n<p>Ahora, si el aumento de la actividad econ\u00f3mica es permanente, con esos ingresos extraordinarios \u201cvoy a bajar los impuestos\u201d, dijo el mandatario, lo que gener\u00f3 el aplauso del centenar de empresarios que se reunieron en el sal\u00f3n principal de la Bolsa de Comercio de Rosario.<\/p>\n\n\n\n<p>El mandatario tambi\u00e9n critic\u00f3 al Fondo Monetario Internacional (FMI) con el que va a renegociar un nuevo acuerdo al recordar que les permiti\u00f3 \u201cgenerar los puts\u201d la deuda que el Banco Central manten\u00eda con los bancos.<\/p>\n\n\n\n<p>Tambi\u00e9n advirti\u00f3 que \u201cEl plan \u2018platita\u2019 para ganar una elecci\u00f3n (que impuls\u00f3 el kirchnerismo) no saben el problema que ha dejado\u201d, advirti\u00f3.<\/p>\n\n\n\n<p>Reiter\u00f3 tambi\u00e9n sus cr\u00edticas al Banco Macro que \u201cse hizo grande con negocios durante el kirchnerimo\u201d vendi\u00f3 los US$ 2.000 millones, y no se produjo una corrida financiera \u201cpor la intervenci\u00f3n del Ministro de Econom\u00eda, Luis Caputo, y el presidente del Banco Central, Santiago Bausilli, a quienes siempre voy a destacar\u201d.<\/p>\n\n\n\n<p>Tambi\u00e9n acus\u00f3 a los que denomino \u201ceconochantas\u201d que erraron con sus estimaciones de inflaci\u00f3n a comienzos de a\u00f1o, y a quienes especularon con que el d\u00f3lar iba a llegar a $ 2.000 quienes ahora \u201cest\u00e1n como los mandriles\u201d.<\/p>\n\n\n\n<p>Record\u00f3 que en los \u00faltimos dos a\u00f1os del kirchnerimos \u201cse hicieron 80.000 intervenciones en el mercado cambiario\u201d y ahora \u201cel Banco Central est\u00e1 eliminando 100 regulaciones por d\u00eda. Estamos abriendo el cepo todos los d\u00edas. S\u00ed estamos avanzando\u201d.<\/p>\n","protected":false},"excerpt":{"rendered":"<p>Si se tiene crecimiento econ\u00f3mico mayor al esperado, y por lo tanto m\u00e1s ingresos fiscales \u201cvamos a bajar los impuestos\u201d, asegur\u00f3 el mandatario. El presidente Javier Milei anticip\u00f3 hoy que&hellip; <\/p>\n","protected":false},"author":4,"featured_media":161332,"comment_status":"closed","ping_status":"open","sticky":false,"template":"","format":"standard","meta":{"footnotes":""},"categories":[3],"tags":[],"class_list":["post-161331","post","type-post","status-publish","format-standard","has-post-thumbnail","hentry","category-politica"],"_links":{"self":[{"href":"https:\/\/corrientesdetarde.com\/index.php\/wp-json\/wp\/v2\/posts\/161331","targetHints":{"allow":["GET"]}}],"collection":[{"href":"https:\/\/corrientesdetarde.com\/index.php\/wp-json\/wp\/v2\/posts"}],"about":[{"href":"https:\/\/corrientesdetarde.com\/index.php\/wp-json\/wp\/v2\/types\/post"}],"author":[{"embeddable":true,"href":"https:\/\/corrientesdetarde.com\/index.php\/wp-json\/wp\/v2\/users\/4"}],"replies":[{"embeddable":true,"href":"https:\/\/corrientesdetarde.com\/index.php\/wp-json\/wp\/v2\/comments?post=161331"}],"version-history":[{"count":1,"href":"https:\/\/corrientesdetarde.com\/index.php\/wp-json\/wp\/v2\/posts\/161331\/revisions"}],"predecessor-version":[{"id":161333,"href":"https:\/\/corrientesdetarde.com\/index.php\/wp-json\/wp\/v2\/posts\/161331\/revisions\/161333"}],"wp:featuredmedia":[{"embeddable":true,"href":"https:\/\/corrientesdetarde.com\/index.php\/wp-json\/wp\/v2\/media\/161332"}],"wp:attachment":[{"href":"https:\/\/corrientesdetarde.com\/index.php\/wp-json\/wp\/v2\/media?parent=161331"}],"wp:term":[{"taxonomy":"category","embeddable":true,"href":"https:\/\/corrientesdetarde.com\/index.php\/wp-json\/wp\/v2\/categories?post=161331"},{"taxonomy":"post_tag","embeddable":true,"href":"https:\/\/corrientesdetarde.com\/index.php\/wp-json\/wp\/v2\/tags?post=161331"}],"curies":[{"name":"wp","href":"https:\/\/api.w.org\/{rel}","templated":true}]}}