{"id":161336,"date":"2024-08-23T23:00:31","date_gmt":"2024-08-24T02:00:31","guid":{"rendered":"https:\/\/corrientesdetarde.com\/?p=161336"},"modified":"2024-08-23T23:00:36","modified_gmt":"2024-08-24T02:00:36","slug":"brasil-anuncio-la-lista-para-las-eliminatorias-aun-sin-neymar-por-la-lesion-ligamentaria","status":"publish","type":"post","link":"https:\/\/corrientesdetarde.com\/index.php\/deportes\/brasil-anuncio-la-lista-para-las-eliminatorias-aun-sin-neymar-por-la-lesion-ligamentaria\/","title":{"rendered":"Brasil anunci\u00f3 la lista para las Eliminatorias aun sin Neymar por la lesi\u00f3n ligamentaria"},"content":{"rendered":"\n<p>El plantel est\u00e1 encabezado con Vinicuis y Endrick como las figuras estelares.<\/p>\n\n\n\n<p><strong>La Confederaci\u00f3n Brasile\u00f1a de F\u00fatbol (CBF) public\u00f3 en sus redes sociales la lista definitiva de los futbolistas que participar\u00e1n de la doble fecha FIFA del 5 al 10 de septiembre, en la cual sigue ausente Neymar debido a que se est\u00e1 recuperando de su lesi\u00f3n ligamentaria.<\/strong><\/p>\n\n\n\n<p>Despu\u00e9s de lo que fue el mal paso del seleccionado brasile\u00f1o en la Copa Am\u00e9rica de Estados Unidos 2024, cuando qued\u00f3 eliminado en cuartos de final por el Uruguay de Marcelo Bielsa, el entrenador Dorival Junior present\u00f3 los 23 futbolistas que representar\u00e1n al pa\u00eds ante Ecuador y Paraguay.<\/p>\n\n\n\n<p><strong>Neymar no fue tenido en cuenta nuevamente en la lista, ya que se est\u00e1 recuperando de una lesi\u00f3n en los ligamentos cruzados de la rodilla izquierda.<\/strong><\/p>\n\n\n\n<p>El atacante fue retirado en camilla en el encuentro que Brasil perdi\u00f3 por 2 a 0 ante Uruguay por las Eliminatorias para el Mundial disputado el 17 de octubre de 2023. Desde entonces no ha podido jugar y hasta se perdi\u00f3 la Copa Am\u00e9rica.<\/p>\n\n\n\n<p>Este viernes 6 de septiembre, Brasil recibir\u00e1 en el Maracan\u00e1 de R\u00edo de Janeiro a Ecuador y el martes 10 de septiembre visitar\u00e1 a Paraguay con la necesidad de sumar de tres puntos, ya que est\u00e1 a dos unidades de quedar fuera de los puestos que otorgan plazas al Mundial y los dos son rivales directos.<\/p>\n\n\n\n<p>La CBF tambi\u00e9n anunci\u00f3 que para la siguiente fecha doble FIFA, que tendr\u00e1 lugar del 9 al 14 de octubre, la selecci\u00f3n de Brasil har\u00e1 de local en el estadio Nacional Man\u00e9 Garrincha de Brasilia, la capital del pa\u00eds.<\/p>\n\n\n\n<h3 class=\"wp-block-heading\">Lista de Brasil para las fechas 7 y 8 de las Eliminatorias:<\/h3>\n\n\n\n<p><strong>Arqueros:<\/strong>&nbsp;Alisson, Bento y Ederson.<\/p>\n\n\n\n<p><strong>Defensores:<\/strong>&nbsp;Beraldo, \u00c9der Milit\u00e3o, Gabriel Magalh\u00e3es, Marquinhos, Danilo, Yan Couto, Guilherme Arana y Wendell.<\/p>\n\n\n\n<p><strong>Mediocampistas:<\/strong>&nbsp;Rodrygo, Bruno Guimar\u00e3es, Jo\u00e3o Gomes, Lucas Paquet\u00e1, Andr\u00e9 y Gerson.<\/p>\n\n\n\n<p><strong>Delanteros:<\/strong>&nbsp;Endrick, Savinho, Vinicius Jr, Estev\u00e3o, Luiz Henrique y Pedro.<\/p>\n","protected":false},"excerpt":{"rendered":"<p>El plantel est\u00e1 encabezado con Vinicuis y Endrick como las figuras estelares. La Confederaci\u00f3n Brasile\u00f1a de F\u00fatbol (CBF) public\u00f3 en sus redes sociales la lista definitiva de los futbolistas que&hellip; <\/p>\n","protected":false},"author":4,"featured_media":161337,"comment_status":"closed","ping_status":"open","sticky":false,"template":"","format":"standard","meta":{"footnotes":""},"categories":[4],"tags":[],"class_list":["post-161336","post","type-post","status-publish","format-standard","has-post-thumbnail","hentry","category-deportes"],"_links":{"self":[{"href":"https:\/\/corrientesdetarde.com\/index.php\/wp-json\/wp\/v2\/posts\/161336","targetHints":{"allow":["GET"]}}],"collection":[{"href":"https:\/\/corrientesdetarde.com\/index.php\/wp-json\/wp\/v2\/posts"}],"about":[{"href":"https:\/\/corrientesdetarde.com\/index.php\/wp-json\/wp\/v2\/types\/post"}],"author":[{"embeddable":true,"href":"https:\/\/corrientesdetarde.com\/index.php\/wp-json\/wp\/v2\/users\/4"}],"replies":[{"embeddable":true,"href":"https:\/\/corrientesdetarde.com\/index.php\/wp-json\/wp\/v2\/comments?post=161336"}],"version-history":[{"count":1,"href":"https:\/\/corrientesdetarde.com\/index.php\/wp-json\/wp\/v2\/posts\/161336\/revisions"}],"predecessor-version":[{"id":161338,"href":"https:\/\/corrientesdetarde.com\/index.php\/wp-json\/wp\/v2\/posts\/161336\/revisions\/161338"}],"wp:featuredmedia":[{"embeddable":true,"href":"https:\/\/corrientesdetarde.com\/index.php\/wp-json\/wp\/v2\/media\/161337"}],"wp:attachment":[{"href":"https:\/\/corrientesdetarde.com\/index.php\/wp-json\/wp\/v2\/media?parent=161336"}],"wp:term":[{"taxonomy":"category","embeddable":true,"href":"https:\/\/corrientesdetarde.com\/index.php\/wp-json\/wp\/v2\/categories?post=161336"},{"taxonomy":"post_tag","embeddable":true,"href":"https:\/\/corrientesdetarde.com\/index.php\/wp-json\/wp\/v2\/tags?post=161336"}],"curies":[{"name":"wp","href":"https:\/\/api.w.org\/{rel}","templated":true}]}}