{"id":161339,"date":"2024-08-23T23:08:40","date_gmt":"2024-08-24T02:08:40","guid":{"rendered":"https:\/\/corrientesdetarde.com\/?p=161339"},"modified":"2024-08-23T23:08:52","modified_gmt":"2024-08-24T02:08:52","slug":"fallecio-un-joven-piloto-de-20-anos-en-un-accidente-de-transito-cerca-de-rauch","status":"publish","type":"post","link":"https:\/\/corrientesdetarde.com\/index.php\/deportes\/fallecio-un-joven-piloto-de-20-anos-en-un-accidente-de-transito-cerca-de-rauch\/","title":{"rendered":"Falleci\u00f3 un joven piloto de 20 a\u00f1os en un accidente de tr\u00e1nsito cerca de Rauch"},"content":{"rendered":"\n<p>Jos\u00e9 Larroud\u00e9 derrap\u00f3 con su camioneta y volc\u00f3 en la ruta junto a un amigo.<\/p>\n\n\n\n<p><strong>El joven piloto de 20 a\u00f1os Jos\u00e9 Larroud\u00e9 falleci\u00f3 tras un grave accidente de auto cuando viajaba junto a un amigo por la Ruta 30 desde Tandil hacia Rauch, su ciudad natal.<\/strong><\/p>\n\n\n\n<p>Por circunstancias que a\u00fan se est\u00e1n investigando, el apodado \u201cPepito\u201d derrap\u00f3 con su camioneta Chevrolet S10 y volc\u00f3 a la altura del Paraje El Cuco, cerca de Rauch, y se mat\u00f3 en el acto.<\/p>\n\n\n\n<p>Por otro lado, su acompa\u00f1ante fue derivado al Hospital Municipal de Rauch en donde permanece en terapia intensiva desde esta ma\u00f1ana a la espera de resultados favorables, seg\u00fan inform\u00f3 la doctora Silvana Elisio a medios locales.<\/p>\n\n\n\n<p>\u201c<strong>El paciente est\u00e1 l\u00facido, estable, hemodin\u00e1micamente, con heridas en rostro, cuello y leve neumot\u00f3rax<\/strong>\u201d. Y agreg\u00f3 \u201cse le contin\u00faan realizando estudios complementarios en la Unidad de Terapia Intensiva para su mejor evaluaci\u00f3n y seguimiento\u201d.<\/p>\n\n\n\n<p>El fin de semana pasado, Larroud\u00e9 particip\u00f3 de una carrera en el circuito La Cascada, en el gran Premio de los Millones, donde se impuso en el primer lugar en la prueba de la categor\u00eda APAC.<\/p>\n\n\n\n<figure class=\"wp-block-image size-full\"><img loading=\"lazy\" decoding=\"async\" width=\"779\" height=\"407\" src=\"https:\/\/corrientesdetarde.com\/wp-content\/uploads\/2024\/08\/image-743.png\" alt=\"\" class=\"wp-image-161340\" srcset=\"https:\/\/corrientesdetarde.com\/wp-content\/uploads\/2024\/08\/image-743.png 779w, https:\/\/corrientesdetarde.com\/wp-content\/uploads\/2024\/08\/image-743-300x157.png 300w, https:\/\/corrientesdetarde.com\/wp-content\/uploads\/2024\/08\/image-743-768x401.png 768w\" sizes=\"auto, (max-width: 779px) 100vw, 779px\" \/><\/figure>\n","protected":false},"excerpt":{"rendered":"<p>Jos\u00e9 Larroud\u00e9 derrap\u00f3 con su camioneta y volc\u00f3 en la ruta junto a un amigo. El joven piloto de 20 a\u00f1os Jos\u00e9 Larroud\u00e9 falleci\u00f3 tras un grave accidente de auto&hellip; <\/p>\n","protected":false},"author":4,"featured_media":161341,"comment_status":"closed","ping_status":"open","sticky":false,"template":"","format":"standard","meta":{"footnotes":""},"categories":[4],"tags":[],"class_list":["post-161339","post","type-post","status-publish","format-standard","has-post-thumbnail","hentry","category-deportes"],"_links":{"self":[{"href":"https:\/\/corrientesdetarde.com\/index.php\/wp-json\/wp\/v2\/posts\/161339","targetHints":{"allow":["GET"]}}],"collection":[{"href":"https:\/\/corrientesdetarde.com\/index.php\/wp-json\/wp\/v2\/posts"}],"about":[{"href":"https:\/\/corrientesdetarde.com\/index.php\/wp-json\/wp\/v2\/types\/post"}],"author":[{"embeddable":true,"href":"https:\/\/corrientesdetarde.com\/index.php\/wp-json\/wp\/v2\/users\/4"}],"replies":[{"embeddable":true,"href":"https:\/\/corrientesdetarde.com\/index.php\/wp-json\/wp\/v2\/comments?post=161339"}],"version-history":[{"count":1,"href":"https:\/\/corrientesdetarde.com\/index.php\/wp-json\/wp\/v2\/posts\/161339\/revisions"}],"predecessor-version":[{"id":161342,"href":"https:\/\/corrientesdetarde.com\/index.php\/wp-json\/wp\/v2\/posts\/161339\/revisions\/161342"}],"wp:featuredmedia":[{"embeddable":true,"href":"https:\/\/corrientesdetarde.com\/index.php\/wp-json\/wp\/v2\/media\/161341"}],"wp:attachment":[{"href":"https:\/\/corrientesdetarde.com\/index.php\/wp-json\/wp\/v2\/media?parent=161339"}],"wp:term":[{"taxonomy":"category","embeddable":true,"href":"https:\/\/corrientesdetarde.com\/index.php\/wp-json\/wp\/v2\/categories?post=161339"},{"taxonomy":"post_tag","embeddable":true,"href":"https:\/\/corrientesdetarde.com\/index.php\/wp-json\/wp\/v2\/tags?post=161339"}],"curies":[{"name":"wp","href":"https:\/\/api.w.org\/{rel}","templated":true}]}}