{"id":161343,"date":"2024-08-23T23:23:51","date_gmt":"2024-08-24T02:23:51","guid":{"rendered":"https:\/\/corrientesdetarde.com\/?p=161343"},"modified":"2024-08-23T23:24:02","modified_gmt":"2024-08-24T02:24:02","slug":"advincula-y-merentiel-se-manifestaron-tras-los-errores-cometidos-en-la-derrota-ante-cruzeiro","status":"publish","type":"post","link":"https:\/\/corrientesdetarde.com\/index.php\/deportes\/advincula-y-merentiel-se-manifestaron-tras-los-errores-cometidos-en-la-derrota-ante-cruzeiro\/","title":{"rendered":"Adv\u00edncula y Merentiel se manifestaron tras los errores cometidos en la derrota ante Cruzeiro"},"content":{"rendered":"\n<p>Boca tuvo que afrontar casi 90 minutos con un jugador menos y tuvo la \u00fanico falla en la tanda de penales.<\/p>\n\n\n\n<p><strong>El delantero uruguayo Miguel Merentiel agradeci\u00f3 el apoyo de los hinchas por el penal errado y el lateral peruano Luis Adv\u00edncula asegur\u00f3 que \u201cno est\u00e1 bien\u201d tras su expulsi\u00f3n en la derrota por penales ante Cruzeiro, por los octavos de final de la Copa Sudamericana.<\/strong><\/p>\n\n\n\n<p><strong>\u201cAgradecido a todos los hinchas de Boca por el apoyo\u201d<\/strong>, escribi\u00f3 en una historia de la red social Instagram, el uruguayo, que tir\u00f3 por arriba del travesa\u00f1o el penal definitorio de Boca ante Cruzeiro que conden\u00f3 al club a la eliminaci\u00f3n en octavos de final.<\/p>\n\n\n\n<figure class=\"wp-block-image size-full\"><img loading=\"lazy\" decoding=\"async\" width=\"777\" height=\"469\" src=\"https:\/\/corrientesdetarde.com\/wp-content\/uploads\/2024\/08\/image-744.png\" alt=\"\" class=\"wp-image-161344\" srcset=\"https:\/\/corrientesdetarde.com\/wp-content\/uploads\/2024\/08\/image-744.png 777w, https:\/\/corrientesdetarde.com\/wp-content\/uploads\/2024\/08\/image-744-300x181.png 300w, https:\/\/corrientesdetarde.com\/wp-content\/uploads\/2024\/08\/image-744-768x464.png 768w\" sizes=\"auto, (max-width: 777px) 100vw, 777px\" \/><\/figure>\n\n\n\n<p>Por otro lado, Adv\u00edncula escribi\u00f3:\u00a0<strong>\u201c<\/strong>No estoy bien como yo quisiera, pero tampoco estoy mal como otros quisieran. Sigo aqu\u00ed, de pie, dando pelea y puede que me caiga, pero te aseguro que en el suelo, pero te aseguro que en el suelo no me quedo<strong>\u201d<\/strong>.<\/p>\n\n\n\n<figure class=\"wp-block-image size-full\"><img loading=\"lazy\" decoding=\"async\" width=\"785\" height=\"477\" src=\"https:\/\/corrientesdetarde.com\/wp-content\/uploads\/2024\/08\/image-745.png\" alt=\"\" class=\"wp-image-161345\" srcset=\"https:\/\/corrientesdetarde.com\/wp-content\/uploads\/2024\/08\/image-745.png 785w, https:\/\/corrientesdetarde.com\/wp-content\/uploads\/2024\/08\/image-745-300x182.png 300w, https:\/\/corrientesdetarde.com\/wp-content\/uploads\/2024\/08\/image-745-768x467.png 768w\" sizes=\"auto, (max-width: 785px) 100vw, 785px\" \/><\/figure>\n\n\n\n<p>La gran mayor\u00eda de los hinchas xeneizes mostraron su apoyo tanto con el atacante como con el defensor a pesar de las cr\u00edticas y se los recibi\u00f3 de buena manera cuando arribaron al hotel tras la eliminaci\u00f3n, con abrazos y saludos para calmar la tensi\u00f3n.<\/p>\n\n\n\n<p>El uruguayo tuvo una chance clara a los 48 minutos del segundo tiempo que pudo haber cambiado la historia, pero su falla en la tanda de penales hizo que se retirara del Mineirao entre l\u00e1grimas para luego ser contenido por el entrenador.<\/p>\n\n\n\n<p>Por otro lado, el peruano se manifest\u00f3 muy compungido por haber sido expulsado antes del minuto de juego por un pisot\u00f3n de atr\u00e1s que le hizo ver la roja directa, pero asegur\u00f3 estar fuerte:&nbsp;<strong>\u201cEsto sigue gracias a los que est\u00e1n por el apoyo\u201d<\/strong>.<\/p>\n","protected":false},"excerpt":{"rendered":"<p>Boca tuvo que afrontar casi 90 minutos con un jugador menos y tuvo la \u00fanico falla en la tanda de penales. El delantero uruguayo Miguel Merentiel agradeci\u00f3 el apoyo de&hellip; <\/p>\n","protected":false},"author":4,"featured_media":161346,"comment_status":"closed","ping_status":"open","sticky":false,"template":"","format":"standard","meta":{"footnotes":""},"categories":[4],"tags":[],"class_list":["post-161343","post","type-post","status-publish","format-standard","has-post-thumbnail","hentry","category-deportes"],"_links":{"self":[{"href":"https:\/\/corrientesdetarde.com\/index.php\/wp-json\/wp\/v2\/posts\/161343","targetHints":{"allow":["GET"]}}],"collection":[{"href":"https:\/\/corrientesdetarde.com\/index.php\/wp-json\/wp\/v2\/posts"}],"about":[{"href":"https:\/\/corrientesdetarde.com\/index.php\/wp-json\/wp\/v2\/types\/post"}],"author":[{"embeddable":true,"href":"https:\/\/corrientesdetarde.com\/index.php\/wp-json\/wp\/v2\/users\/4"}],"replies":[{"embeddable":true,"href":"https:\/\/corrientesdetarde.com\/index.php\/wp-json\/wp\/v2\/comments?post=161343"}],"version-history":[{"count":1,"href":"https:\/\/corrientesdetarde.com\/index.php\/wp-json\/wp\/v2\/posts\/161343\/revisions"}],"predecessor-version":[{"id":161347,"href":"https:\/\/corrientesdetarde.com\/index.php\/wp-json\/wp\/v2\/posts\/161343\/revisions\/161347"}],"wp:featuredmedia":[{"embeddable":true,"href":"https:\/\/corrientesdetarde.com\/index.php\/wp-json\/wp\/v2\/media\/161346"}],"wp:attachment":[{"href":"https:\/\/corrientesdetarde.com\/index.php\/wp-json\/wp\/v2\/media?parent=161343"}],"wp:term":[{"taxonomy":"category","embeddable":true,"href":"https:\/\/corrientesdetarde.com\/index.php\/wp-json\/wp\/v2\/categories?post=161343"},{"taxonomy":"post_tag","embeddable":true,"href":"https:\/\/corrientesdetarde.com\/index.php\/wp-json\/wp\/v2\/tags?post=161343"}],"curies":[{"name":"wp","href":"https:\/\/api.w.org\/{rel}","templated":true}]}}