{"id":161348,"date":"2024-08-23T23:51:27","date_gmt":"2024-08-24T02:51:27","guid":{"rendered":"https:\/\/corrientesdetarde.com\/?p=161348"},"modified":"2024-08-23T23:51:39","modified_gmt":"2024-08-24T02:51:39","slug":"el-ministerio-de-economia-anuncia-su-canal-oficial-de-streaming-con-luis-caputo-como-figura-clave","status":"publish","type":"post","link":"https:\/\/corrientesdetarde.com\/index.php\/economia\/el-ministerio-de-economia-anuncia-su-canal-oficial-de-streaming-con-luis-caputo-como-figura-clave\/","title":{"rendered":"El Ministerio de Econom\u00eda anuncia su canal oficial de streaming con Luis Caputo como figura clave"},"content":{"rendered":"\n<p>El anuncio fue realizado a trav\u00e9s de una publicaci\u00f3n de X desde la cuenta oficial del Palacio de Hacienda.<\/p>\n\n\n\n<p>En un esfuerzo por modernizar la comunicaci\u00f3n y acercarse al p\u00fablico m\u00e1s joven, el&nbsp;<strong>Ministerio de Econom\u00eda<\/strong>&nbsp;anunci\u00f3 que pr\u00f3ximamente&nbsp;se encontrar\u00e1 disponible un canal de&nbsp;<strong><u>streaming oficial<\/u><\/strong>.&nbsp;Este nuevo canal podr\u00eda ser una v\u00eda directa para informar sobre las pol\u00edticas econ\u00f3micas, novedades, y actividades de la secretar\u00eda del Estado.&nbsp;<\/p>\n\n\n\n<p>El anuncio fue realizado a trav\u00e9s de una publicaci\u00f3n de X (ex Twitter) desde la cuenta oficial del Ministerio de Econom\u00eda de una forma breve y casi formal: &#8220;Pr\u00f3ximamente streaming del Ministerio de Econom\u00eda&#8221;. Pronto tuvo la cita del ministro&nbsp;<strong>Luis Caputo.<\/strong><\/p>\n\n\n\n<p>En su mensaje, Caputo podr\u00eda haber adelantado su\u00a0<strong>posible rol<\/strong>\u00a0como cara visible de esta nueva iniciativa. No obstante, se limit\u00f3 a expresar: \u201cSe viene el halc\u00f3n??\u201d lo que para muchos \u00a0abre camino sobre la modernizaci\u00f3n que enfrentar\u00e1 la comunicaci\u00f3n de Ministerio.\u00a0<\/p>\n\n\n\n<figure class=\"wp-block-embed is-type-rich is-provider-twitter wp-block-embed-twitter\"><div class=\"wp-block-embed__wrapper\">\n<blockquote class=\"twitter-tweet\" data-width=\"550\" data-dnt=\"true\"><p lang=\"es\" dir=\"ltr\">Se viene el halc\u00f3n?? <a href=\"https:\/\/t.co\/rJGTARSOvX\">https:\/\/t.co\/rJGTARSOvX<\/a><\/p>&mdash; totocaputo (@LuisCaputoAR) <a href=\"https:\/\/twitter.com\/LuisCaputoAR\/status\/1827065155588362554?ref_src=twsrc%5Etfw\">August 23, 2024<\/a><\/blockquote><script async src=\"https:\/\/platform.twitter.com\/widgets.js\" charset=\"utf-8\"><\/script>\n<\/div><\/figure>\n\n\n\n<p>&nbsp;De momento, no hay mucha m\u00e1s informaci\u00f3n al respecto sobre por donde ser\u00e1, cu\u00e1l es el horario o qui\u00e9nes conformar\u00e1n el proyecto; pero se espera que muy pronto se aclaren los detalles.<\/p>\n\n\n\n<p>La iniciativa&nbsp;<strong>ha generado expectativas<\/strong>&nbsp;<strong>y, por supuesto pol\u00e9mica<\/strong>, en torno a c\u00f3mo esta herramienta podr\u00e1 contribuir a una mejor comprensi\u00f3n de las pol\u00edticas econ\u00f3micas y si la misma ser\u00e1 un di\u00e1logo m\u00e1s abierto entre el Gobierno y la ciudadan\u00eda. Ya que este formato, que en su momento fue disruptivo, hoy es uno de los m\u00e1s hegem\u00f3nicos dentro de las audiencias m\u00e1s j\u00f3venes.&nbsp;<\/p>\n","protected":false},"excerpt":{"rendered":"<p>El anuncio fue realizado a trav\u00e9s de una publicaci\u00f3n de X desde la cuenta oficial del Palacio de Hacienda. En un esfuerzo por modernizar la comunicaci\u00f3n y acercarse al p\u00fablico&hellip; <\/p>\n","protected":false},"author":4,"featured_media":161349,"comment_status":"closed","ping_status":"open","sticky":false,"template":"","format":"standard","meta":{"footnotes":""},"categories":[20],"tags":[],"class_list":["post-161348","post","type-post","status-publish","format-standard","has-post-thumbnail","hentry","category-economia"],"_links":{"self":[{"href":"https:\/\/corrientesdetarde.com\/index.php\/wp-json\/wp\/v2\/posts\/161348","targetHints":{"allow":["GET"]}}],"collection":[{"href":"https:\/\/corrientesdetarde.com\/index.php\/wp-json\/wp\/v2\/posts"}],"about":[{"href":"https:\/\/corrientesdetarde.com\/index.php\/wp-json\/wp\/v2\/types\/post"}],"author":[{"embeddable":true,"href":"https:\/\/corrientesdetarde.com\/index.php\/wp-json\/wp\/v2\/users\/4"}],"replies":[{"embeddable":true,"href":"https:\/\/corrientesdetarde.com\/index.php\/wp-json\/wp\/v2\/comments?post=161348"}],"version-history":[{"count":1,"href":"https:\/\/corrientesdetarde.com\/index.php\/wp-json\/wp\/v2\/posts\/161348\/revisions"}],"predecessor-version":[{"id":161350,"href":"https:\/\/corrientesdetarde.com\/index.php\/wp-json\/wp\/v2\/posts\/161348\/revisions\/161350"}],"wp:featuredmedia":[{"embeddable":true,"href":"https:\/\/corrientesdetarde.com\/index.php\/wp-json\/wp\/v2\/media\/161349"}],"wp:attachment":[{"href":"https:\/\/corrientesdetarde.com\/index.php\/wp-json\/wp\/v2\/media?parent=161348"}],"wp:term":[{"taxonomy":"category","embeddable":true,"href":"https:\/\/corrientesdetarde.com\/index.php\/wp-json\/wp\/v2\/categories?post=161348"},{"taxonomy":"post_tag","embeddable":true,"href":"https:\/\/corrientesdetarde.com\/index.php\/wp-json\/wp\/v2\/tags?post=161348"}],"curies":[{"name":"wp","href":"https:\/\/api.w.org\/{rel}","templated":true}]}}