{"id":161364,"date":"2024-08-24T00:19:44","date_gmt":"2024-08-24T03:19:44","guid":{"rendered":"https:\/\/corrientesdetarde.com\/?p=161364"},"modified":"2024-08-24T00:19:48","modified_gmt":"2024-08-24T03:19:48","slug":"salud-y-justicia-continuan-con-el-trabajo-conjunto-y-evaluan-acciones","status":"publish","type":"post","link":"https:\/\/corrientesdetarde.com\/index.php\/bienestar-y-salud\/salud-y-justicia-continuan-con-el-trabajo-conjunto-y-evaluan-acciones\/","title":{"rendered":"Salud y Justicia contin\u00faan con el trabajo conjunto y eval\u00faan acciones"},"content":{"rendered":"\n<p><em>Los ministros Ricardo Cardozo, y Juan Jos\u00e9 L\u00f3pez Desimoni, visitaron el Servicio de Adicciones del Hospital Juan Pablo II. En este marco, analizaron la posibilidad de un lugar para la internaci\u00f3n de menores con patolog\u00edas cr\u00edticas de salud mental y consumo problem\u00e1tico.<\/em><\/p>\n\n\n\n<p>Los ministros de Salud P\u00fablica y de Justicia y Derechos Humanos de la Provincia, Ricardo Cardozo, y Juan Jos\u00e9 L\u00f3pez Desimoni respectivamente, visitaron el Servicio de Adicciones del Hospital Juan Pablo II. En este marco, coordinaron acciones para la protecci\u00f3n y contenci\u00f3n de menores con patolog\u00edas cr\u00f3nicas de salud mental y consumo problem\u00e1tico.<\/p>\n\n\n\n<p>En la oportunidad acompa\u00f1\u00f3 la subsecretaria de Atenci\u00f3n Primaria de la Salud (APS), Alicia Pereira, quien est\u00e1 cargo de la coordinaci\u00f3n de estas acciones.<\/p>\n\n\n\n<p>\u201cJunto al Ministerio de Justicia estamos evaluando dentro del hospital Juan Pablo II, en el \u00e1rea de Salud Mental, la forma de trabajo conjunto para la internaci\u00f3n de los menores con patolog\u00edas cr\u00edticas de salud mental y consumo problem\u00e1tico. Esto incluye trastornos severos que requieren un cuidado y contenci\u00f3n delicada, y centrada especialmente en las necesidades de cada paciente\u201d, precis\u00f3 el titular de la cartera sanitaria,&nbsp;<strong>Ricardo Cardozo<\/strong>.<\/p>\n\n\n\n<p>Agreg\u00f3 que para esto se trabaja articuladamente con un equipo multidisciplinario de profesionales y con la Direcci\u00f3n de Protecci\u00f3n de la Ni\u00f1ez y Adolescencia, dependiente del Ministerio de Justicia y Derechos Humanos.<\/p>\n\n\n\n<p>\u201cEstamos evaluando, conversaremos con el Gobernador Gustavo Vald\u00e9s y con los equipos, la posibilidad de usar este \u00e1mbito y dejar establecido el lugar para estas situaciones vulnerables que requieren un cuidado sumamente especial\u201d, dijo Cardozo.<\/p>\n\n\n\n<p>El Servicio de Adicciones del Hospital Pedi\u00e1trico Juan Pablo II funciona desde el 2017 con la atenci\u00f3n en consultorios y con el objetivo de desplegar un abordaje integral y multidisciplinario de esta problem\u00e1tica. El edificio se encuentra apartado para potenciar la seguridad de los pacientes.<\/p>\n","protected":false},"excerpt":{"rendered":"<p>Los ministros Ricardo Cardozo, y Juan Jos\u00e9 L\u00f3pez Desimoni, visitaron el Servicio de Adicciones del Hospital Juan Pablo II. En este marco, analizaron la posibilidad de un lugar para la&hellip; <\/p>\n","protected":false},"author":4,"featured_media":161365,"comment_status":"closed","ping_status":"open","sticky":false,"template":"","format":"standard","meta":{"footnotes":""},"categories":[16],"tags":[],"class_list":["post-161364","post","type-post","status-publish","format-standard","has-post-thumbnail","hentry","category-bienestar-y-salud"],"_links":{"self":[{"href":"https:\/\/corrientesdetarde.com\/index.php\/wp-json\/wp\/v2\/posts\/161364","targetHints":{"allow":["GET"]}}],"collection":[{"href":"https:\/\/corrientesdetarde.com\/index.php\/wp-json\/wp\/v2\/posts"}],"about":[{"href":"https:\/\/corrientesdetarde.com\/index.php\/wp-json\/wp\/v2\/types\/post"}],"author":[{"embeddable":true,"href":"https:\/\/corrientesdetarde.com\/index.php\/wp-json\/wp\/v2\/users\/4"}],"replies":[{"embeddable":true,"href":"https:\/\/corrientesdetarde.com\/index.php\/wp-json\/wp\/v2\/comments?post=161364"}],"version-history":[{"count":1,"href":"https:\/\/corrientesdetarde.com\/index.php\/wp-json\/wp\/v2\/posts\/161364\/revisions"}],"predecessor-version":[{"id":161366,"href":"https:\/\/corrientesdetarde.com\/index.php\/wp-json\/wp\/v2\/posts\/161364\/revisions\/161366"}],"wp:featuredmedia":[{"embeddable":true,"href":"https:\/\/corrientesdetarde.com\/index.php\/wp-json\/wp\/v2\/media\/161365"}],"wp:attachment":[{"href":"https:\/\/corrientesdetarde.com\/index.php\/wp-json\/wp\/v2\/media?parent=161364"}],"wp:term":[{"taxonomy":"category","embeddable":true,"href":"https:\/\/corrientesdetarde.com\/index.php\/wp-json\/wp\/v2\/categories?post=161364"},{"taxonomy":"post_tag","embeddable":true,"href":"https:\/\/corrientesdetarde.com\/index.php\/wp-json\/wp\/v2\/tags?post=161364"}],"curies":[{"name":"wp","href":"https:\/\/api.w.org\/{rel}","templated":true}]}}