{"id":161367,"date":"2024-08-24T00:56:36","date_gmt":"2024-08-24T03:56:36","guid":{"rendered":"https:\/\/corrientesdetarde.com\/?p=161367"},"modified":"2024-08-24T00:56:41","modified_gmt":"2024-08-24T03:56:41","slug":"corrientes-participo-de-la-asamblea-n100-del-consejo-federal-de-discapacidad","status":"publish","type":"post","link":"https:\/\/corrientesdetarde.com\/index.php\/sociales\/corrientes-participo-de-la-asamblea-n100-del-consejo-federal-de-discapacidad\/","title":{"rendered":"Corrientes particip\u00f3 de la Asamblea N\u00b0100 del Consejo Federal de Discapacidad"},"content":{"rendered":"\n<p>Corrientes particip\u00f3 de la Asamblea del Consejo Federal de Discapacidad que se realiz\u00f3 este mi\u00e9rcoles y jueves en la Ciudad Aut\u00f3noma de Buenos Aires (CABA). En ese marco, asisti\u00f3 al encuentro la directora del Consejo Provincial de Discapacidad (COPRODIS), Roxana Tannuri, dependiente del Ministerio de Desarrollo Social.<\/p>\n\n\n\n<p>La acompa\u00f1aron tambi\u00e9n los coordinadores por las \u00e1reas Legal, Rolando Escalante; de Capacitaciones, Tatiana Lickiewitz; y en representaci\u00f3n de las Organizaciones No Gubernamentales (ONG) de Corrientes, la presidenta&nbsp;de &#8220;\u00c1ngeles de Mi Tierra&#8221;, Sandra Lascurain.<\/p>\n\n\n\n<p>La Asamblea se llev\u00f3 a cabo en las instalaciones de la Agencia Nacional de Discapacidad (ANDIS), cuyo temas principales fueron pensiones no contributivas por invalidez laboral y programas que promueven la inserci\u00f3n laboral para personas con discapacidad. Por otra parte, Lickiewizt y Escalante se reunieron con las coordinadoras de la Unidad de Capacitaciones, Romina Donato;&nbsp;y de la Unidad de Inclusi\u00f3n Laboral, Lucia Pestana Correia, ambas de la ANDIS, a fin de acordar pol\u00edticas p\u00fablicas que beneficiar\u00e1n a las personas con discapacidad de Corrientes.<\/p>\n","protected":false},"excerpt":{"rendered":"<p>Corrientes particip\u00f3 de la Asamblea del Consejo Federal de Discapacidad que se realiz\u00f3 este mi\u00e9rcoles y jueves en la Ciudad Aut\u00f3noma de Buenos Aires (CABA). En ese marco, asisti\u00f3 al&hellip; <\/p>\n","protected":false},"author":4,"featured_media":161369,"comment_status":"closed","ping_status":"open","sticky":false,"template":"","format":"standard","meta":{"footnotes":""},"categories":[17],"tags":[],"class_list":["post-161367","post","type-post","status-publish","format-standard","has-post-thumbnail","hentry","category-sociales"],"_links":{"self":[{"href":"https:\/\/corrientesdetarde.com\/index.php\/wp-json\/wp\/v2\/posts\/161367","targetHints":{"allow":["GET"]}}],"collection":[{"href":"https:\/\/corrientesdetarde.com\/index.php\/wp-json\/wp\/v2\/posts"}],"about":[{"href":"https:\/\/corrientesdetarde.com\/index.php\/wp-json\/wp\/v2\/types\/post"}],"author":[{"embeddable":true,"href":"https:\/\/corrientesdetarde.com\/index.php\/wp-json\/wp\/v2\/users\/4"}],"replies":[{"embeddable":true,"href":"https:\/\/corrientesdetarde.com\/index.php\/wp-json\/wp\/v2\/comments?post=161367"}],"version-history":[{"count":1,"href":"https:\/\/corrientesdetarde.com\/index.php\/wp-json\/wp\/v2\/posts\/161367\/revisions"}],"predecessor-version":[{"id":161370,"href":"https:\/\/corrientesdetarde.com\/index.php\/wp-json\/wp\/v2\/posts\/161367\/revisions\/161370"}],"wp:featuredmedia":[{"embeddable":true,"href":"https:\/\/corrientesdetarde.com\/index.php\/wp-json\/wp\/v2\/media\/161369"}],"wp:attachment":[{"href":"https:\/\/corrientesdetarde.com\/index.php\/wp-json\/wp\/v2\/media?parent=161367"}],"wp:term":[{"taxonomy":"category","embeddable":true,"href":"https:\/\/corrientesdetarde.com\/index.php\/wp-json\/wp\/v2\/categories?post=161367"},{"taxonomy":"post_tag","embeddable":true,"href":"https:\/\/corrientesdetarde.com\/index.php\/wp-json\/wp\/v2\/tags?post=161367"}],"curies":[{"name":"wp","href":"https:\/\/api.w.org\/{rel}","templated":true}]}}