{"id":161748,"date":"2024-08-26T08:09:29","date_gmt":"2024-08-26T11:09:29","guid":{"rendered":"https:\/\/corrientesdetarde.com\/?p=161748"},"modified":"2024-08-26T08:09:33","modified_gmt":"2024-08-26T11:09:33","slug":"el-viejo-continente-le-abre-las-puertas-al-taragui","status":"publish","type":"post","link":"https:\/\/corrientesdetarde.com\/index.php\/politica\/el-viejo-continente-le-abre-las-puertas-al-taragui\/","title":{"rendered":"El viejo continente le abre las puertas al Tarag\u00fc\u00ed"},"content":{"rendered":"\n<p>El Embajador Adjunto de la Uni\u00f3n Europea y consejeros pol\u00edticos de seis pa\u00edses de ese continente visitaron Corrientes. Llegaron para conocer las potencialidades de nuestro terru\u00f1o para concretar inversiones y generar lazos comerciales.<a href=\"https:\/\/api.whatsapp.com\/send?text=El%20viejo%20continente%20le%20abre%20las%20puertas%20al%20Tarag%C3%BC%C3%AD%20-%20https:\/\/www.diarioepoca.com\/1330502-el-viejo-continente-le-abre-las-puertas-al-tarag%C3%BCi?utm_source=WhatsApp%26utm_medium=WhatsApp%26utm_campaign=WhatsApp%26utm_term=WhatsApp\" target=\"_blank\" rel=\"noreferrer noopener\"><\/a><a href=\"https:\/\/www.diarioepoca.com\/1330502-el-viejo-continente-le-abre-las-puertas-al-taragui#\"><\/a><a href=\"https:\/\/www.diarioepoca.com\/1330502-el-viejo-continente-le-abre-las-puertas-al-taragui#\"><\/a><\/p>\n\n\n\n<p>&#8220;Es una provincia preciosa que vale la pena conocerla. Hay muchas oportunidades, hay un terreno grande que incluso puede ser mucho m\u00e1s productivo todav\u00eda. Obviamente, recomendar\u00eda Corrientes y este viaje lo confirma&#8221;. La frase surgi\u00f3 de los labios de Eran Nagan, embajador adjunto de la representaci\u00f3n de la Uni\u00f3n Europea (UE). Pero a suelo del Tarag\u00fc\u00ed no lleg\u00f3 solo: lo acompa\u00f1aron media docena de consejeros de las embajadas de diferentes pa\u00edses del viejo continente. El prop\u00f3sito de la visita: conocer las potencialidades de nuestra provincia, sus ventajas competitivas y comparativas y analizar la posibilidad de canalizar inversiones.<\/p>\n\n\n\n<figure class=\"wp-block-image\"><img decoding=\"async\" src=\"https:\/\/www.diarioepoca.com\/content\/bucket\/9\/1380449w380h301c.jpg.webp\" alt=\"\"\/><\/figure>\n\n\n\n<p>La comitiva estuvo liderada por Nagan e integrada por los consejeros pol\u00edticos de las embajadas de Alemania, Golschan Khun Jush; de B\u00e9lgica, Francis Sobrys; de Finlandia, Sanna Pulkkinen; de Hungr\u00eda, Vanda Kalydy; de Irlanda, Sarah Maguire; y de Rumania, Ver\u00f3nica Orneriu. Durante varios d\u00edas recorrieron distintas oficinas gubernamentales, como las del gobernador Gustavo Vald\u00e9s y la del Intendente de Capital, Eduardo Tassano.<\/p>\n\n\n\n<p>Quiz\u00e1 el encuentro m\u00e1s provechoso se dio en la sede de la Federaci\u00f3n Econ\u00f3mica de Corrientes (FEC). All\u00ed se reunieron los miembros de la entidad y empresarios (en forma presencial y virtual) con los referentes europeos. Luego de la exposici\u00f3n en la que se detallaron puntualmente las referencias de la producci\u00f3n e industria de la provincia, los consejeros entablaron un ida y vuelta para conocer pormenores: no solo los aspectos positivos sino tambi\u00e9n las debilidades y las dificultades que pudieran encontrar los inversores.<\/p>\n\n\n\n<p>Que el encuentro se haya concretado en la FEC no es un dato menor: es que se trata de una organizaci\u00f3n que agrupa a 49 c\u00e1maras y socios adherentes de diferentes sectores productivos y de servicios en toda la provincia. Y entre los objetivos de la entidad se destaca el trabajo por el incremento de la actividad econ\u00f3mica, las inversiones y las exportaciones con valor agregado. Precisamente, el punto en com\u00fan que vinieron a buscar los consejeros en Corrientes.<\/p>\n\n\n\n<p>Uno de los puntos que destac\u00f3 el Embajador Adjunto Nagan es que los lazos comerciales podr\u00e1n expandirse en caso de que se concrete el ansiado acuerdo entre la UE y el Mercosur. &#8220;Lo estamos negociando desde hace mucho tiempo. Ojal\u00e1 termine de definirse este a\u00f1o&#8221;, se\u00f1al\u00f3.<\/p>\n\n\n\n<p>_El presidente de la FEC, Jorge G\u00f3mez, asegur\u00f3: &#8220;La impresi\u00f3n del empresariado fue positiva, todos salieron esperanzados en seguir creciendo en un mercado tan desafiante como el europeo&#8221;.<\/p>\n\n\n\n<h2 class=\"wp-block-heading\">Corrientes, el presente y el futuro promisorio<\/h2>\n\n\n\n<p>En la primera parte del encuentro en la FEC, se concret\u00f3 una presentaci\u00f3n bajo el t\u00edtulo &#8220;Corrientes, puente de oportunidades&#8221;. En la exposici\u00f3n se detall\u00f3 que nuestra provincia dispone de atributos que la hacen \u00fanica y con alto potencial de desarrollo en el Litoral Argentino.<\/p>\n\n\n\n<p>Las condiciones clim\u00e1ticas, geogr\u00e1ficas e hidrogr\u00e1ficas convierten al territorio correntino en muy apto para el desarrollo de sus sectores productivos tradicionales y otros no convencionales.<\/p>\n\n\n\n<p>La provincia cuenta con disponibilidad de energ\u00eda el\u00e9ctrica, red vial y de telecomunicaciones en todo el territorio, un aeropuerto internacional, dos puertos secos en pasos fronterizos, un puerto fluvial activo y otros puertos en construcci\u00f3n.<\/p>\n\n\n\n<p>Apuntaron que la proximidad a los pa\u00edses vecinos con mercados en expansi\u00f3n, convierte a Corrientes en un puente de negocios para las empresas globales que buscan acceder a la regi\u00f3n y proyectarse desde aqu\u00ed a los mercados americano, europeo y asi\u00e1tico.<\/p>\n\n\n\n<p>Se\u00f1alaron que las diferencias estacionales con el hemisferio norte permiten a las empresas operar todo el a\u00f1o.<\/p>\n\n\n\n<p>Si bien resaltaron que los fuertes v\u00ednculos comerciales favorecen para que los productos correntinos lleguen a todo el mundo, un dato no menor que puntualizaron ante los consejeros europeos es que se trata la condici\u00f3n de zona libre de enfermedades y, sobre todo, libre de conflictos armados.<\/p>\n\n\n\n<p>Durante la exposici\u00f3n, los referentes de la FEC apuntaron que Corrientes represent\u00f3 en 2023 el cuarto de las exportaciones del Noreste Argentino, el 25,4% que signific\u00f3 ventas por US$234 millones. Con 37,9%, el complejo forestal signific\u00f3 la primera exportaci\u00f3n correntina el a\u00f1o pasado, seguido por el cerealero (arroz) 27,7% y la yerba mate 9,2%. Entre los principales destinos de la exportaci\u00f3n correntina mencionaron a Estados Unidos (17,1%), China, (13,6%), Brasil (13,5%) y, precisamente, la Uni\u00f3n Europea (11,3%)<\/p>\n\n\n\n<p>La presencia de los consejeros no debe ser minimizada. Es que la UE es la tercera econom\u00eda \u0096 solo detr\u00e1s de EEUU y China- y explica el 15% del PBI mundial. Es un mercado de 450 millones de habitantes con un ingreso per c\u00e1pita promedio US$40.000 por a\u00f1o. Y es el principal inversor mundial con un 30% del stock global.<\/p>\n\n\n\n<p>Las exportaciones de Corrientes a la UE alcanzan a US$45 millones; es decir, el 19,2% del mercado. Cinco pa\u00edses de la UE (Espa\u00f1a, Portugal, Pa\u00edses Bajos, B\u00e9lgica e Italia) explican el 91% de esas compras. Con 54,8% del total, el principal producto que exporta Corrientes al viejo continente es el arroz.<\/p>\n\n\n\n<h2 class=\"wp-block-heading\">Placer&nbsp;<\/h2>\n\n\n\n<figure class=\"wp-block-image\"><img decoding=\"async\" src=\"https:\/\/www.diarioepoca.com\/content\/bucket\/6\/1380446w380h365c.jpg.webp\" alt=\"\"\/><\/figure>\n\n\n\n<p>&#8220;Hemos tenido una excelente reuni\u00f3n con el gobernador (Gustavo) Vald\u00e9s, productiva, de gran di\u00e1logo, una charla amplia sobre una gran variedad de temas que hacen al fortalecimiento de lazos con la Uni\u00f3n Europea&#8221;, expres\u00f3 Eran Nagan. El Embajador Adjunto de la Uni\u00f3n Europea destac\u00f3 que &#8220;es un placer estar en esta provincia, ya que nos permite conocer su realidad pol\u00edtica, econ\u00f3mica y social&#8221;.<\/p>\n","protected":false},"excerpt":{"rendered":"<p>El Embajador Adjunto de la Uni\u00f3n Europea y consejeros pol\u00edticos de seis pa\u00edses de ese continente visitaron Corrientes. Llegaron para conocer las potencialidades de nuestro terru\u00f1o para concretar inversiones y&hellip; <\/p>\n","protected":false},"author":12,"featured_media":161752,"comment_status":"closed","ping_status":"open","sticky":false,"template":"","format":"standard","meta":{"footnotes":""},"categories":[26,3],"tags":[],"class_list":["post-161748","post","type-post","status-publish","format-standard","has-post-thumbnail","hentry","category-destacados","category-politica"],"_links":{"self":[{"href":"https:\/\/corrientesdetarde.com\/index.php\/wp-json\/wp\/v2\/posts\/161748","targetHints":{"allow":["GET"]}}],"collection":[{"href":"https:\/\/corrientesdetarde.com\/index.php\/wp-json\/wp\/v2\/posts"}],"about":[{"href":"https:\/\/corrientesdetarde.com\/index.php\/wp-json\/wp\/v2\/types\/post"}],"author":[{"embeddable":true,"href":"https:\/\/corrientesdetarde.com\/index.php\/wp-json\/wp\/v2\/users\/12"}],"replies":[{"embeddable":true,"href":"https:\/\/corrientesdetarde.com\/index.php\/wp-json\/wp\/v2\/comments?post=161748"}],"version-history":[{"count":1,"href":"https:\/\/corrientesdetarde.com\/index.php\/wp-json\/wp\/v2\/posts\/161748\/revisions"}],"predecessor-version":[{"id":161753,"href":"https:\/\/corrientesdetarde.com\/index.php\/wp-json\/wp\/v2\/posts\/161748\/revisions\/161753"}],"wp:featuredmedia":[{"embeddable":true,"href":"https:\/\/corrientesdetarde.com\/index.php\/wp-json\/wp\/v2\/media\/161752"}],"wp:attachment":[{"href":"https:\/\/corrientesdetarde.com\/index.php\/wp-json\/wp\/v2\/media?parent=161748"}],"wp:term":[{"taxonomy":"category","embeddable":true,"href":"https:\/\/corrientesdetarde.com\/index.php\/wp-json\/wp\/v2\/categories?post=161748"},{"taxonomy":"post_tag","embeddable":true,"href":"https:\/\/corrientesdetarde.com\/index.php\/wp-json\/wp\/v2\/tags?post=161748"}],"curies":[{"name":"wp","href":"https:\/\/api.w.org\/{rel}","templated":true}]}}