{"id":161761,"date":"2024-08-26T09:40:09","date_gmt":"2024-08-26T12:40:09","guid":{"rendered":"https:\/\/corrientesdetarde.com\/?p=161761"},"modified":"2024-08-26T09:40:13","modified_gmt":"2024-08-26T12:40:13","slug":"paulo-dybala-vuelve-a-la-seleccion-fue-convocado-por-scaloni-para-los-partidos-ante-chile-y-colombia","status":"publish","type":"post","link":"https:\/\/corrientesdetarde.com\/index.php\/deportes\/paulo-dybala-vuelve-a-la-seleccion-fue-convocado-por-scaloni-para-los-partidos-ante-chile-y-colombia\/","title":{"rendered":"Paulo Dybala vuelve a la Selecci\u00f3n: fue convocado por Scaloni para los partidos ante Chile y Colombia"},"content":{"rendered":"\n<h2 class=\"wp-block-heading\">El DT de la Albiceleste define la lista de convocados para los partidos por las Eliminatorias Sudamericanas rumbo al Mundial 2026.<\/h2>\n\n\n\n<p><strong>Paulo Dybala<\/strong>se suma a la lista de convocados por\u00a0Lionel Scaloni\u00a0para los pr\u00f3ximos partidos de la\u00a0Selecci\u00f3n argentina\u00a0ante\u00a0<strong>Chile<\/strong>, el jueves 5 de septiembre, a las 21, en el Monumental, y el martes 10, contra\u00a0<strong>Colombia<\/strong>, a las 17.30, en Barranquilla por las Eliminatorias Sudamericanas rumbo al Mundial 2026<\/p>\n\n\n\n<p>Ante la lesi\u00f3n de&nbsp;<strong>Lionel Messi<\/strong>, el DT de la Albiceleste convoc\u00f3 a la Joya para los encuentros clasificatorios para la pr\u00f3xima Copa del Mundo de Canad\u00e1, Estados Unidos y M\u00e9xico. La Pulga contin\u00faa recuper\u00e1ndose de la lesi\u00f3n en el tobillo de la pierna derecha que sufri\u00f3 en la final de la Copa Am\u00e9rica el pasado 14 de julio.<\/p>\n\n\n\n<figure class=\"wp-block-image\"><img decoding=\"async\" src=\"https:\/\/tn.com.ar\/resizer\/v2\/scaloni-convoco-a-la-joya-tras-la-lesion-de-lionel-messi-foto-selecciontwitter-IWTKGNB4I5EXJDHDGRTNSFC6CI.JPG?auth=93f118d5c9c3a77ca9acbfdf8a9b5ba5c2859da9d6082dd3ddaf35dbc6c0e94d&amp;width=767\" alt=\"Scaloni convoc\u00f3 a la Joya tras la lesi\u00f3n de Lionel Messi. (Foto: @Seleccion\/Twitter)\"\/><figcaption class=\"wp-element-caption\">Scaloni convoc\u00f3 a la Joya tras la lesi\u00f3n de Lionel Messi. (Foto: @Seleccion\/Twitter)<\/figcaption><\/figure>\n\n\n\n<h2 class=\"wp-block-heading\">Qui\u00e9nes son los nuevos convocados por Lionel Scaloni para la pr\u00f3xima fecha FIFA de la Selecci\u00f3n argentina<\/h2>\n\n\n\n<p>Con respecto a la \u00faltima convocatoria de Lionel Scaloni, estos son los nuevos futbolistas en la Selecci\u00f3n argentina para la pr\u00f3xima fecha FIFA:<\/p>\n\n\n\n<p>Juan Musso<\/p>\n\n\n\n<p>Leonardo Balerdi<\/p>\n\n\n\n<p>Valent\u00edn Barco<\/p>\n\n\n\n<p>Equi Fern\u00e1ndez<\/p>\n\n\n\n<p>Mat\u00edas Soul\u00e9<\/p>\n\n\n\n<p>Giuliano Simeone<\/p>\n\n\n\n<p>Taty Castellanos.<\/p>\n\n\n\n<h2 class=\"wp-block-heading\">La lista de convocados por Lionel Scaloni para los partidos por Eliminatorias ante Chile y Colombia<\/h2>\n\n\n\n<p><strong>Arqueros<\/strong><\/p>\n\n\n\n<ul class=\"wp-block-list\">\n<li>Walter Ben\u00edtez<\/li>\n\n\n\n<li>Ger\u00f3nimo Rulli<\/li>\n\n\n\n<li>Juan Musso<\/li>\n\n\n\n<li>Emiliano Mart\u00ednez<\/li>\n<\/ul>\n\n\n\n<p>Defensores<\/p>\n\n\n\n<ul class=\"wp-block-list\">\n<li>Nahuel Molina<\/li>\n\n\n\n<li>Cristian Romero<\/li>\n\n\n\n<li>Germ\u00e1n Pezzella<\/li>\n\n\n\n<li>Leonardo Balerdi<\/li>\n\n\n\n<li>Nicol\u00e1s Otamendi<\/li>\n\n\n\n<li>Lisandro Mart\u00ednez<\/li>\n\n\n\n<li>Nicol\u00e1s Tagliafico<\/li>\n\n\n\n<li>Valent\u00edn Barco<\/li>\n<\/ul>\n\n\n\n<p><strong>Volantes<\/strong><\/p>\n\n\n\n<ul class=\"wp-block-list\">\n<li>Leandro Paredes<\/li>\n\n\n\n<li>Guido Rodr\u00edguez<\/li>\n\n\n\n<li>Alexis Mac Allister<\/li>\n\n\n\n<li>Enzo Fern\u00e1ndez<\/li>\n\n\n\n<li>Giovani Lo Celso<\/li>\n\n\n\n<li>Ezequiel Fern\u00e1ndez<\/li>\n\n\n\n<li>Rodrigo De Paul<\/li>\n<\/ul>\n\n\n\n<p><strong>Delanteros<\/strong><\/p>\n\n\n\n<ul class=\"wp-block-list\">\n<li>Nicol\u00e1s Gonz\u00e1lez<\/li>\n\n\n\n<li>Alejandro Garnacho<\/li>\n\n\n\n<li>Mat\u00edas Soul\u00e9<\/li>\n\n\n\n<li>Giuliano Simeone<\/li>\n\n\n\n<li>Valent\u00edn Carboni<\/li>\n\n\n\n<li>Juli\u00e1n \u00c1lvarez<\/li>\n\n\n\n<li>Lautaro Mart\u00ednez<\/li>\n\n\n\n<li>Paulo Dybala<\/li>\n\n\n\n<li>Valent\u00edn Castellanos<\/li>\n<\/ul>\n\n\n\n<h2 class=\"wp-block-heading\">Argentina vs. Chile por Eliminatorias Sudamericanas: d\u00eda, hora y \u00e1rbitro del partido<\/h2>\n\n\n\n<p><strong>Fecha 7<\/strong><\/p>\n\n\n\n<p><strong>Jueves 5 de septiembre<\/strong><\/p>\n\n\n\n<p>A las 21,&nbsp;<strong>Argentina&nbsp;<\/strong>vs.&nbsp;<strong>Chile<\/strong>&nbsp;en el Estadio Monumental<\/p>\n\n\n\n<p>\u00c1rbitro: JES\u00daS VALENZUELA (VEN)<\/p>\n\n\n\n<p>Asistente 1: JORGE URREGO (VEN)<\/p>\n\n\n\n<p>Asistente 2: TULIO MORENO (VEN)<\/p>\n\n\n\n<p>Cuarto \u00e1rbitro: ALEXIS HERRERA (VEN)<\/p>\n\n\n\n<p>VAR: JUAN SOTO (VEN)<\/p>\n\n\n\n<p>AVAR: CARLOS L\u00d3PEZ (VEN)<\/p>\n\n\n\n<p><strong>Fecha 8<\/strong><\/p>\n\n\n\n<p><strong>Martes 10 de septiembre<\/strong><\/p>\n\n\n\n<p>A las 17.30, Colombia vs.&nbsp;<strong>Argentina&nbsp;<\/strong>en el Estadio Metropolitano Roberto Mel\u00e9ndez<\/p>\n\n\n\n<p>\u00c1rbitro: PIERO MAZA (CHI)<\/p>\n\n\n\n<p>Asistente 1: JOS\u00c9 RETAMAL (CHI)<\/p>\n\n\n\n<p>Asistente 2: MIGUEL ROCHA (CHI)<\/p>\n\n\n\n<p>Cuarto \u00e1rbitro: CRISTIAN GARAY (CHI)<\/p>\n\n\n\n<p>VAR: JUAN LARA (CHI)<\/p>\n\n\n\n<p>AVAR: BENJAMIN SARAVIA (CHI)<\/p>\n","protected":false},"excerpt":{"rendered":"<p>El DT de la Albiceleste define la lista de convocados para los partidos por las Eliminatorias Sudamericanas rumbo al Mundial 2026. Paulo Dybalase suma a la lista de convocados por\u00a0Lionel&hellip; <\/p>\n","protected":false},"author":12,"featured_media":161764,"comment_status":"closed","ping_status":"open","sticky":false,"template":"","format":"standard","meta":{"footnotes":""},"categories":[4],"tags":[],"class_list":["post-161761","post","type-post","status-publish","format-standard","has-post-thumbnail","hentry","category-deportes"],"_links":{"self":[{"href":"https:\/\/corrientesdetarde.com\/index.php\/wp-json\/wp\/v2\/posts\/161761","targetHints":{"allow":["GET"]}}],"collection":[{"href":"https:\/\/corrientesdetarde.com\/index.php\/wp-json\/wp\/v2\/posts"}],"about":[{"href":"https:\/\/corrientesdetarde.com\/index.php\/wp-json\/wp\/v2\/types\/post"}],"author":[{"embeddable":true,"href":"https:\/\/corrientesdetarde.com\/index.php\/wp-json\/wp\/v2\/users\/12"}],"replies":[{"embeddable":true,"href":"https:\/\/corrientesdetarde.com\/index.php\/wp-json\/wp\/v2\/comments?post=161761"}],"version-history":[{"count":1,"href":"https:\/\/corrientesdetarde.com\/index.php\/wp-json\/wp\/v2\/posts\/161761\/revisions"}],"predecessor-version":[{"id":161765,"href":"https:\/\/corrientesdetarde.com\/index.php\/wp-json\/wp\/v2\/posts\/161761\/revisions\/161765"}],"wp:featuredmedia":[{"embeddable":true,"href":"https:\/\/corrientesdetarde.com\/index.php\/wp-json\/wp\/v2\/media\/161764"}],"wp:attachment":[{"href":"https:\/\/corrientesdetarde.com\/index.php\/wp-json\/wp\/v2\/media?parent=161761"}],"wp:term":[{"taxonomy":"category","embeddable":true,"href":"https:\/\/corrientesdetarde.com\/index.php\/wp-json\/wp\/v2\/categories?post=161761"},{"taxonomy":"post_tag","embeddable":true,"href":"https:\/\/corrientesdetarde.com\/index.php\/wp-json\/wp\/v2\/tags?post=161761"}],"curies":[{"name":"wp","href":"https:\/\/api.w.org\/{rel}","templated":true}]}}