{"id":161768,"date":"2024-08-26T11:03:27","date_gmt":"2024-08-26T14:03:27","guid":{"rendered":"https:\/\/corrientesdetarde.com\/?p=161768"},"modified":"2024-08-26T11:03:38","modified_gmt":"2024-08-26T14:03:38","slug":"la-despedida-al-rugbier-de-18-anos-que-murio-luego-de-perder-el-control-del-auto-y-chocar-contra-una-casa","status":"publish","type":"post","link":"https:\/\/corrientesdetarde.com\/index.php\/policiales\/la-despedida-al-rugbier-de-18-anos-que-murio-luego-de-perder-el-control-del-auto-y-chocar-contra-una-casa\/","title":{"rendered":"La despedida al rugbier de 18 a\u00f1os que muri\u00f3 luego de perder el control del auto y chocar contra una casa"},"content":{"rendered":"\n<h2 class=\"wp-block-heading\">Augusto Baguinho falleci\u00f3 en el acto, sin posibilidad de ser asistido por el personal del SAME que lleg\u00f3 al lugar minutos despu\u00e9s del accidente.<\/h2>\n\n\n\n<p>Un joven de 18 a\u00f1os\u00a0<strong>muri\u00f3 luego de<\/strong>\u00a0<strong>perder el control de su auto y chocar contra el frente de una casa.\u00a0<\/strong>El chico, que jugaba al rugby en un club de La Plata, fue despedido con conmovedores mensajes.<\/p>\n\n\n\n<p><strong>Augusto Baguinho Da Ponte\u00a0<\/strong>formaba parte del\u00a0<strong>Club San Luis de La Plata\u00a0<\/strong>que realiz\u00f3 un doloroso posteo en sus redes. \u201c<strong>Con profunda tristeza comunicamos el fallecimiento de nuestro jugador de M19, Augusto Baguinho Da Ponte.<\/strong>\u00a0Acompa\u00f1amos a su padre, a su hermano y a todos sus amigos en este dif\u00edcil momento\u201d, expresaron.<\/p>\n\n\n\n<p>Tambi\u00e9n la Uni\u00f3n de Rugby de Buenos Aires (<strong>URBA<\/strong>), escribi\u00f3: \u201cEl Consejo Directivo de la URBA expresa sus profundas condolencias por el fallecimiento de Augusto Baguinho Da Ponte, jugador de la M19 del Club San Luis, y acompa\u00f1a a su familia, a sus amigos y al club en este momento de tristeza\u201d.<\/p>\n\n\n\n<p>Sumado a los mensajes de la comunidad platense que le envi\u00f3 sus condolencias a la familia, tambi\u00e9n el exintendente de la ciudad,&nbsp;<strong>Julio Garro<\/strong>, utiliz\u00f3 sus redes para despedir al joven rugbier: \u201cLe mando un abrazo enorme a toda la familia de Augusto Baguinho Da Ponte en este trist\u00edsimo momento y lo hago extensivo a mi querido club San Luis. Mucha fuerza. QEPD\u201d, public\u00f3.<\/p>\n\n\n\n<figure class=\"wp-block-image\"><img decoding=\"async\" src=\"https:\/\/tn.com.ar\/resizer\/v2\/augusto-impacto-contra-el-frente-de-una-casa-y-murio-en-el-acto-foto-gentileza-0221-facebook-ZWPG636BFJHGTGF26FAYK5VKWI.jpg?auth=cbb4ec81f74f19a217bb7a410220fe9dbf3fa7abe4e9e49fa70276dfc78edc89&amp;width=767\" alt=\"Augusto impact\u00f3 contra el frente de una casa y muri\u00f3 en el acto. (Foto: gentileza 0221 \/ Facebook)\"\/><figcaption class=\"wp-element-caption\">Augusto impact\u00f3 contra el frente de una casa y muri\u00f3 en el acto. (Foto: gentileza 0221 \/ Facebook)<\/figcaption><\/figure>\n\n\n\n<h2 class=\"wp-block-heading\">C\u00f3mo fue el tr\u00e1gico accidente donde perdi\u00f3 la vida el rugbier de 18 a\u00f1os<\/h2>\n\n\n\n<p>El viernes, Augusto conduc\u00eda un Toyota Etios cuando perdi\u00f3 el control, choc\u00f3 contra una casa y muri\u00f3. El accidente fatal ocurri\u00f3 durante la noche en la calle 138 entre 471 y 472, en la localidad de Gorina.\u00a0<strong>El adolescente muri\u00f3 en el acto<\/strong>, sin posibilidad de ser asistido por el personal del SAME que lleg\u00f3 al lugar minutos despu\u00e9s del accidente<\/p>\n\n\n\n<p>Seg\u00fan indicaron fuentes policiales al medio platense<em>&nbsp;0221<\/em>, el joven iba solo en el auto y todav\u00eda<strong>&nbsp;no se pudieron determinar cu\u00e1les fueron las razones que desencadenaron el terrible desenlace<\/strong>. Afortunadamente, los ocupantes de la casa en la que se incrust\u00f3 el auto, resultaron ilesos.<\/p>\n\n\n\n<p>Los vecinos salieron a la calle alertados por el fuerte impacto, se toparon con el tr\u00e1gico escenario y avisaron de inmediato a las autoridades. En cuesti\u00f3n de minutos, una ambulancia del Servicio de Atenci\u00f3n M\u00e9dica de Emergencias (SAME) lleg\u00f3 al lugar, pero&nbsp;<strong>el personal m\u00e9dico solo pudo constatar la muerte de la v\u00edctima<\/strong>.<\/p>\n","protected":false},"excerpt":{"rendered":"<p>Augusto Baguinho falleci\u00f3 en el acto, sin posibilidad de ser asistido por el personal del SAME que lleg\u00f3 al lugar minutos despu\u00e9s del accidente. Un joven de 18 a\u00f1os\u00a0muri\u00f3 luego&hellip; <\/p>\n","protected":false},"author":12,"featured_media":161776,"comment_status":"closed","ping_status":"open","sticky":false,"template":"","format":"standard","meta":{"footnotes":""},"categories":[33],"tags":[],"class_list":["post-161768","post","type-post","status-publish","format-standard","has-post-thumbnail","hentry","category-policiales"],"_links":{"self":[{"href":"https:\/\/corrientesdetarde.com\/index.php\/wp-json\/wp\/v2\/posts\/161768","targetHints":{"allow":["GET"]}}],"collection":[{"href":"https:\/\/corrientesdetarde.com\/index.php\/wp-json\/wp\/v2\/posts"}],"about":[{"href":"https:\/\/corrientesdetarde.com\/index.php\/wp-json\/wp\/v2\/types\/post"}],"author":[{"embeddable":true,"href":"https:\/\/corrientesdetarde.com\/index.php\/wp-json\/wp\/v2\/users\/12"}],"replies":[{"embeddable":true,"href":"https:\/\/corrientesdetarde.com\/index.php\/wp-json\/wp\/v2\/comments?post=161768"}],"version-history":[{"count":1,"href":"https:\/\/corrientesdetarde.com\/index.php\/wp-json\/wp\/v2\/posts\/161768\/revisions"}],"predecessor-version":[{"id":161777,"href":"https:\/\/corrientesdetarde.com\/index.php\/wp-json\/wp\/v2\/posts\/161768\/revisions\/161777"}],"wp:featuredmedia":[{"embeddable":true,"href":"https:\/\/corrientesdetarde.com\/index.php\/wp-json\/wp\/v2\/media\/161776"}],"wp:attachment":[{"href":"https:\/\/corrientesdetarde.com\/index.php\/wp-json\/wp\/v2\/media?parent=161768"}],"wp:term":[{"taxonomy":"category","embeddable":true,"href":"https:\/\/corrientesdetarde.com\/index.php\/wp-json\/wp\/v2\/categories?post=161768"},{"taxonomy":"post_tag","embeddable":true,"href":"https:\/\/corrientesdetarde.com\/index.php\/wp-json\/wp\/v2\/tags?post=161768"}],"curies":[{"name":"wp","href":"https:\/\/api.w.org\/{rel}","templated":true}]}}