{"id":161769,"date":"2024-08-26T11:02:14","date_gmt":"2024-08-26T14:02:14","guid":{"rendered":"https:\/\/corrientesdetarde.com\/?p=161769"},"modified":"2024-08-26T11:18:22","modified_gmt":"2024-08-26T14:18:22","slug":"los-multiples-beneficios-de-la-equinoterapia-como-apoyo-integral-para-ninos-con-discapacidad","status":"publish","type":"post","link":"https:\/\/corrientesdetarde.com\/index.php\/bienestar-y-salud\/los-multiples-beneficios-de-la-equinoterapia-como-apoyo-integral-para-ninos-con-discapacidad\/","title":{"rendered":"Los m\u00faltiples beneficios de la equinoterapia como apoyo integral para ni\u00f1os con discapacidad"},"content":{"rendered":"\n<h2 class=\"wp-block-heading\">En el \u00e1mbito emocional y social, proporciona un espacio de interacci\u00f3n con el caballo y con otros participantes en un entorno natural, fomentando la comunicaci\u00f3n, el desarrollo de habilidades sociales, el trabajo en equipo y la autoexpresi\u00f3n emocional.<\/h2>\n\n\n\n<figure class=\"wp-block-image\"><img decoding=\"async\" src=\"https:\/\/tn.com.ar\/resizer\/v2\/la-equinoterapia-se-puede-aplicar-a-personas-con-paralisis-cerebral-personas-con-retraso-psicomotor-personas-con-esclerosis-multiple-personas-con-sindrome-de-down-personas-con-autismo-entre-otras-foto-el-granero-PVNSBJFFJBHBJJQ6Q7GLM3JRNI.jpg?auth=b8221d9e47aa14c6176983ca9367f6afb47f22f7aa5155a9644cacb2644f8938&amp;width=767\" alt=\"La equinoterapia se puede aplicar a personas con par\u00e1lisis cerebral, personas con retraso psicomotor, personas con esclerosis m\u00faltiple, personas con s\u00edndrome de down, personas con autismo, entre otras. (Foto: El Granero)\"\/><figcaption class=\"wp-element-caption\">La equinoterapia se puede aplicar a personas con par\u00e1liss cerebral, personas con retraso psicomotor, personas con esclerosis m\u00faltiple, personas con s\u00edndrome de down, personas con autismo, entre otras. (Foto: El Granero)<\/figcaption><\/figure>\n\n\n\n<p><\/p>\n\n\n\n<p>La&nbsp;<strong>equinoterapia&nbsp;<\/strong>no s\u00f3lo ayuda a desarrollar los m\u00fasculos del jinete, la coordinaci\u00f3n motora y el equilibrio sino tambi\u00e9n la postura, la respiraci\u00f3n y la circulaci\u00f3n sangu\u00ednea. En el \u00e1mbito emocional y social, proporciona un&nbsp;<strong>espacio de interacci\u00f3n con el caballo y con otros participantes en un entorno natural.<\/strong><\/p>\n\n\n\n<p>Esto fomenta la&nbsp;<strong>comunicaci\u00f3n<\/strong>, el desarrollo de habilidades sociales, el trabajo en equipo y la autoexpresi\u00f3n emocional. Los pacientes experimentan una sensaci\u00f3n de empoderamiento al tomar el control del caballo, desarrollando la&nbsp;<strong>confianza<\/strong>&nbsp;en s\u00ed mismos y en sus habilidades.<\/p>\n\n\n\n<h2 class=\"wp-block-heading\">Los beneficios de la equinoterapia<\/h2>\n\n\n\n<p>El&nbsp;<strong>patr\u00f3n de locomoci\u00f3n tridimensional&nbsp;<\/strong>de la marcha al paso de un caballo, que se le transmite a la pelvis de quien monta, es igual al&nbsp;<strong>patr\u00f3n fisiol\u00f3gico de la marcha humana<\/strong>. Esto hace que la persona reciba millones de mensajes neurol\u00f3gicos que viajan desde la pelvis hasta el cerebro generando un est\u00edmulo que favorece el desarrollo neuronal y la evoluci\u00f3n en los desaf\u00edos mec\u00e1nicos y locomotores del paciente. Por otro lado, la transmisi\u00f3n de<strong>&nbsp;impulsos r\u00edtmicos<\/strong>&nbsp;del lomo del caballo al cuerpo del jinete es un excelente entrenamiento de la coordinaci\u00f3n psicomotriz. Esto permite lograr una&nbsp;<strong>estabilizaci\u00f3n din\u00e1mica<\/strong>&nbsp;del cuerpo del paciente, que es la base para la ejecuci\u00f3n de la marcha independiente.<\/p>\n\n\n\n<figure class=\"wp-block-image\"><img decoding=\"async\" src=\"https:\/\/tn.com.ar\/resizer\/v2\/la-conexion-que-se-establece-entre-el-nino-y-el-caballo-es-fundamental-foto-el-granero-UYEXANQBTFADLDSBRXIG2LNQEU.JPG?auth=4c005cc282d80e431bcfe3319248df3e483bb3f2df83f1b5c04530203ee933e8&amp;width=767\" alt=\"La conexi\u00f3n que se establece entre el ni\u00f1o y el caballo es fundamental. (Foto: El Granero)\"\/><figcaption class=\"wp-element-caption\">La conexi\u00f3n que se establece entre el ni\u00f1o y el caballo es fundamental. (Foto: El Granero)<\/figcaption><\/figure>\n\n\n\n<p>\u201cEntre los factores que potencian la eficacia de la equinoterapia est\u00e1n la&nbsp;<strong>alegr\u00eda, la ilusi\u00f3n y el entusiasmo<\/strong>&nbsp;que generan en los ni\u00f1os el poder montar a \u201csu\u201d caballo, rodeados de terapeutas que les proponen juegos divertidos al aire libre. \u201cPara mi hijo, es como si le festejaran el cumplea\u00f1os una vez por semana\u201d, dijo una mam\u00e1. \u201cEs conmovedor ver el&nbsp;<strong>v\u00ednculo indescriptible<\/strong>&nbsp;que se genera entre un ni\u00f1o con discapacidad y un caballo. Se establece una comunicaci\u00f3n entre ellos que hace que el ni\u00f1o no s\u00f3lo evolucione mejor, sino que, sea m\u00e1s feliz. Y de eso se trata todo, en definitiva\u201d, relata Mariano Ferreyra, fundador de El Granero.<\/p>\n\n\n\n<h2 class=\"wp-block-heading\">Todo comenz\u00f3 alrededor de un caballo<\/h2>\n\n\n\n<p>El Granero es un centro de rehabilitaci\u00f3n sin fines de lucro, para familias que tienen hijos con discapacidad. Ubicado en el Parque Empresarial Austral, en Pilar, su objetivo es<strong>&nbsp;ayudar y acompa\u00f1ar<\/strong>&nbsp;a cada persona para que alcance su m\u00e1ximo potencial a trav\u00e9s de tratamientos terap\u00e9uticos de excelencia, brindando apoyo y contenci\u00f3n a las familias en un espacio abierto y en contacto con la naturaleza. Tienen un&nbsp;<strong>abordaje integral y personalizado<\/strong>, utilizando un enfoque interdisciplinario que re\u00fane a profesionales de la salud y del \u00e1rea ecuestre que trabajan en conjunto y de manera sin\u00e9rgica.<\/p>\n\n\n\n<p>El Granero naci\u00f3 de la experiencia personal de Mariano Ferreyra y Cecilia Fornieles, quienes enfrentaron el desaf\u00edo de la discapacidad con su hija Joaquina, que naci\u00f3 con una mutaci\u00f3n gen\u00e9tica que le caus\u00f3 hipoton\u00eda generalizada y retraso cognitivo. A medida que iban recorriendo este camino, se dieron cuenta de que su hija, y ellos, necesitaban una&nbsp;<strong>propuesta superadora para abordar este desaf\u00edo familiar.<\/strong>&nbsp;Una vez que identificaron bien las cosas que ellos necesitaban, se lanzaron a la aventura de armar su propio centro de rehabilitaci\u00f3n.<\/p>\n\n\n\n<p>\u201cUn poco de casualidad, la llevamos a hacer equinoterapia. Y ah\u00ed comenz\u00f3 a cambiar el paradigma, vimos que&nbsp;<strong>gracias al caballo, evolucionaba m\u00e1s r\u00e1pido<\/strong>, alcanzando objetivos terap\u00e9uticos que hab\u00edamos planteado para el a\u00f1o siguiente. Y sobre todo, descubrimos que a su sesi\u00f3n de equinoterapia \u00edbamos en familia, y ella estaba m\u00e1s feliz, m\u00e1s motivada y mejor le iba en la sesi\u00f3n. Adem\u00e1s, la hermanita se divert\u00eda, jugaba y, a veces, tambi\u00e9n montaba.<strong>&nbsp;La terapia de Joaqui era un plan familiar\u201d,&nbsp;<\/strong>cuenta Mariano.<\/p>\n\n\n\n<p>\u201cMuchas veces nos suced\u00eda de llevarla a alguna de sus terapias y terminar, como el resto de las familias, haciendo tiempo dentro del auto, con los hermanitos terminando su tarea sobre la guantera: en general,<strong>&nbsp;los espacios no est\u00e1n preparados para recibir a la familia,<\/strong>&nbsp;s\u00f3lo a la persona con discapacidad. Eso genera din\u00e1micas intrafamiliares complicadas pero, sobre todo, un abordaje limitado, ineficiente y poco natural de la discapacidad. Entendimos entonces que la discapacidad, cuando se abraza en familia, deja de ser un desaf\u00edo y se transforma en aventura\u201d, agrega.<\/p>\n\n\n\n<h2 class=\"wp-block-heading\">El trabajo del centro<\/h2>\n\n\n\n<p>\u201cA El Granero asisten<strong>&nbsp;familias que tienen integrantes con cualquier discapacidad o trastorno.<\/strong>&nbsp;Vienen pacientes con trastorno del espectro autista (TEA), par\u00e1lisis cerebral, s\u00edndrome de Down, trastorno generalizado del desarrollo (TGD), trastorno por d\u00e9ficit de atenci\u00f3n (ADD), hipoton\u00eda, trastornos metab\u00f3licos, trastornos alimenticios, entre otros. Tambi\u00e9n nos visitan personas con estr\u00e9s postraum\u00e1tico, depresi\u00f3n o problemas de sociabilizaci\u00f3n. Uno de los pilares fundamentales de El Granero es la&nbsp;<strong>equinoterapia<\/strong>, un m\u00e9todo terap\u00e9utico que utiliza al caballo y su entorno como un medio para la rehabilitaci\u00f3n, la integraci\u00f3n social y el desarrollo f\u00edsico, ps\u00edquico y emocional de personas con desaf\u00edos en su desarrollo\u201d, cuenta Mariano.<\/p>\n\n\n\n<figure class=\"wp-block-image\"><img decoding=\"async\" src=\"https:\/\/tn.com.ar\/resizer\/v2\/el-granero-posee-un-perfil-de-instagram-y-un-mail-elgraneroequinoterapia-consultaselgraneroorg-foto-el-granero-J5W62BPWLRAPVCT5QKMGCW2JIU.png?auth=92fb6893ed35cee21ff75baefdda14c08c30ccd9e7aee9303a0ec01a3f0b7e6e&amp;width=767\" alt=\"El Granero posee un perfil de Instagram y un mail: @elgraneroequinoterapia consultas@elgranero.org (Foto: El Granero)\"\/><figcaption class=\"wp-element-caption\">El Granero posee un perfil de Instagram y un mail: @elgraneroequinoterapia consultas@elgranero.org (Foto: El Granero)<\/figcaption><\/figure>\n\n\n\n<p>\u201cRecibimos a much\u00edsimas familias por mes. Con ellas,&nbsp;<strong>vivimos experiencias asombrosas.<\/strong>&nbsp;Un ni\u00f1o con par\u00e1lisis cerebral que da sus primeros pasos acerc\u00e1ndose a abrazar a \u201csu\u201d yegua, un chico con TEA que empez\u00f3 a abrazar a su mam\u00e1 despu\u00e9s de haber abrazado espont\u00e1neamente a su caballo, o Joaqui, que viene super\u00e1ndose semana a semana, transform\u00e1ndose en una mujer llena de carcajadas y valent\u00eda\u201d, contin\u00faa.<\/p>\n\n\n\n<p>En El Granero, se ofrecen todas las&nbsp;<strong>terapias&nbsp;<\/strong>que un ni\u00f1o puede necesitar:<\/p>\n\n\n\n<ul class=\"wp-block-list\">\n<li>Terapia Ocupacional.<\/li>\n\n\n\n<li>Kinesiolog\u00eda.<\/li>\n\n\n\n<li>Fonoaudiolog\u00eda.<\/li>\n\n\n\n<li>Psicopedagog\u00eda.<\/li>\n\n\n\n<li>Musicoterapia.<\/li>\n\n\n\n<li>Psicolog\u00eda.<\/li>\n\n\n\n<li>Osteopat\u00eda.<\/li>\n\n\n\n<li>Equinoterapia.<\/li>\n\n\n\n<li>Atenci\u00f3n de pediatras, neur\u00f3logos y nutricionistas.<\/li>\n<\/ul>\n\n\n\n<p>\u201cQuiz\u00e1s el mayor diferencial de El Granero sea su enfoque, tanto<strong>&nbsp;la madre, como el padre o el resto de los hermanos tienen su lugar<\/strong>, una propuesta, una oportunidad de crecimiento\u201d, explica Mariano.<\/p>\n\n\n\n<p>Para ello, proponen una visi\u00f3n m\u00e1s amplia sobre las necesidades de la familia y, desde all\u00ed, generan programas y servicios de apoyo que dan respuesta a esas necesidades.<\/p>\n\n\n\n<p>\u201cDe esta manera,&nbsp;<strong>se mejora la calidad de vida de la familia<\/strong>&nbsp;lo que, a su vez, tiene una&nbsp;<strong>repercusi\u00f3n directa en la calidad de vida de la persona con discapacidad.<\/strong>&nbsp;Adem\u00e1s, por medio del Programa Familias, cada vez son m\u00e1s las personas que reciben tratamientos terap\u00e9uticos gratuitos gracias a empresas y personas que becan a familias de bajos recursos, sin cobertura m\u00e9dica, para que realicen sus terapias en El Granero\u201d, cierra Mariano.<\/p>\n","protected":false},"excerpt":{"rendered":"<p>En el \u00e1mbito emocional y social, proporciona un espacio de interacci\u00f3n con el caballo y con otros participantes en un entorno natural, fomentando la comunicaci\u00f3n, el desarrollo de habilidades sociales,&hellip; <\/p>\n","protected":false},"author":12,"featured_media":161774,"comment_status":"closed","ping_status":"open","sticky":false,"template":"","format":"standard","meta":{"footnotes":""},"categories":[16,26],"tags":[],"class_list":["post-161769","post","type-post","status-publish","format-standard","has-post-thumbnail","hentry","category-bienestar-y-salud","category-destacados"],"_links":{"self":[{"href":"https:\/\/corrientesdetarde.com\/index.php\/wp-json\/wp\/v2\/posts\/161769","targetHints":{"allow":["GET"]}}],"collection":[{"href":"https:\/\/corrientesdetarde.com\/index.php\/wp-json\/wp\/v2\/posts"}],"about":[{"href":"https:\/\/corrientesdetarde.com\/index.php\/wp-json\/wp\/v2\/types\/post"}],"author":[{"embeddable":true,"href":"https:\/\/corrientesdetarde.com\/index.php\/wp-json\/wp\/v2\/users\/12"}],"replies":[{"embeddable":true,"href":"https:\/\/corrientesdetarde.com\/index.php\/wp-json\/wp\/v2\/comments?post=161769"}],"version-history":[{"count":3,"href":"https:\/\/corrientesdetarde.com\/index.php\/wp-json\/wp\/v2\/posts\/161769\/revisions"}],"predecessor-version":[{"id":161779,"href":"https:\/\/corrientesdetarde.com\/index.php\/wp-json\/wp\/v2\/posts\/161769\/revisions\/161779"}],"wp:featuredmedia":[{"embeddable":true,"href":"https:\/\/corrientesdetarde.com\/index.php\/wp-json\/wp\/v2\/media\/161774"}],"wp:attachment":[{"href":"https:\/\/corrientesdetarde.com\/index.php\/wp-json\/wp\/v2\/media?parent=161769"}],"wp:term":[{"taxonomy":"category","embeddable":true,"href":"https:\/\/corrientesdetarde.com\/index.php\/wp-json\/wp\/v2\/categories?post=161769"},{"taxonomy":"post_tag","embeddable":true,"href":"https:\/\/corrientesdetarde.com\/index.php\/wp-json\/wp\/v2\/tags?post=161769"}],"curies":[{"name":"wp","href":"https:\/\/api.w.org\/{rel}","templated":true}]}}