{"id":161783,"date":"2024-08-26T12:16:14","date_gmt":"2024-08-26T15:16:14","guid":{"rendered":"https:\/\/corrientesdetarde.com\/?p=161783"},"modified":"2024-08-26T12:16:26","modified_gmt":"2024-08-26T15:16:26","slug":"el-equipo-de-salud-en-tu-casa-visito-en-lo-que-va-de-este-ano-a-17-mil-personas","status":"publish","type":"post","link":"https:\/\/corrientesdetarde.com\/index.php\/informacion-general\/el-equipo-de-salud-en-tu-casa-visito-en-lo-que-va-de-este-ano-a-17-mil-personas\/","title":{"rendered":"El equipo de Salud en Tu Casa visit\u00f3 en lo que va de este a\u00f1o a 17 mil personas"},"content":{"rendered":"\n<ul class=\"wp-block-list\"><\/ul>\n\n\n\n<p><strong>A trav\u00e9s de este programa, agentes sanitarios, promotores de salud y obstetras, debidamente identificados, llegan a los hogares de los distintos barrios de capital e interior, para detectar a personas de riesgo y as\u00ed ingresarlos al sistema sanitario. Desde su implementaci\u00f3n en el 2023, ya llegaron a casi 200 mil vecinos de toda la provincia.<\/strong><\/p>\n\n\n\n<p>La cartera sanitaria provincial sigue avanzando con el programa Salud en Tu Casa, hasta el momento, desde su implementaci\u00f3n en el 2023, ya visitaron a casi 200 mil personas. En lo que va de este a\u00f1o, 17 mil vecinos visitados.<\/p>\n\n\n\n<p>En la \u00faltima semana de agosto, estar\u00e1n en Capital, San Luis del Palmar, Saladas, Santa Lucia, Curuz\u00fa Cuati\u00e1, Virasoro, Monte Caseros e Ituzaing\u00f3. En la ciudad de Corrientes, se ubicar\u00e1n en el barrio Industrial.<\/p>\n\n\n\n<p>Esta estrategia de Atenci\u00f3n Primaria de la Salud (APS), dise\u00f1ada por el ministro Ricardo Cardozo, consiste en que agentes sanitarios, promotores de salud y obstetras visiten los distintos barrios para identificar pacientes con enfermedades como Diabetes, Hipertensi\u00f3n, diversos tipos de C\u00e1ncer y embarazos, e integr\u00e1ndolos as\u00ed al sistema sanitario, el para tratamiento y seguimiento.<\/p>\n\n\n\n<p>La misma, se empez\u00f3 a implementar el a\u00f1o pasado y, en el 2024, el programa se activ\u00f3 el 10 de junio.<\/p>\n\n\n\n<p>Gracias a esta iniciativa, se realizan controles, estudios, diagn\u00f3sticos y seguimientos. Adem\u00e1s, nutricionistas se unen a la tarea, promoviendo la alimentaci\u00f3n saludable ya que esta es crucial tanto para la prevenci\u00f3n de enfermedades como para los tratamientos.<\/p>\n\n\n\n<p>La subsecretaria de Atenci\u00f3n Primaria, Alicia Pereira, sostuvo que &#8220;siguiendo las indicaciones del Ministro Ricardo Cardozo, lo que hacemos es acercarnos a los vecinos y no esperar a que ellos vengan. Los agentes sanitarios, junto con los promotores de salud, son los actores primordiales en este programa. Ellos son los que van a las casas detectando las necesidades, son el motor m\u00e1s importante\u201d.<\/p>\n\n\n\n<p>La subsecretaria, precis\u00f3 que hay 500 agentes sanitarios y 130 promotores de salud que recorren la Provincia.<\/p>\n\n\n\n<p>\u201cEst\u00e1 semana se empieza a trabajar con el padr\u00f3n de Sumar para la b\u00fasqueda activa de embarazadas. Tendremos como prioridad, las embarazadas. Se sigue con las dem\u00e1s l\u00edneas de cuidado con una lista de 595 para b\u00fasqueda activa como prioridad\u201d, se\u00f1al\u00f3 Pereira.<\/p>\n\n\n\n<p>En lo que va de este a\u00f1o, entre las localidades que visit\u00f3 Salud en tu Casa est\u00e1n Palmar Grande, Tabay; Yatay Ti Calle; Bonpland, Colonia Liebig, Sauce, Paso de los Libres, Tatacu\u00e1, Virasoro, Herlitzka, Colonia Carolina, Ber\u00f3n de Astrada, Cazadores Correntinos, Colonia Pando, Monte Caseros, Ramada Paso, Alvear, Ituzaing\u00f3, Riachuelo, San Lorenzo, Goya, San Miguel, Mburucuy\u00e1, Cruz de los Milagros, Garav\u00ed, Curuz\u00fa Cuati\u00e1, Mocoret\u00e1, It\u00e1 Ibat\u00e9 y distintos barrios de capital.<\/p>\n\n\n\n<p>Tambi\u00e9n estuvieron en las localidades de Esquina, Empedrado, Bella Vista, Loreto, Colonia Libertad, Felipe Yofre, Garruchos y en el barrio La Olla de Capital.<\/p>\n\n\n\n<p>Cabe remarcar que en la semana del&nbsp;<strong>26 al 30&nbsp;<\/strong>de agosto estar\u00e1n en las localidades de Capital, San Luis del Palmar, Saladas, Santa Lucia, Curuz\u00fa Cuatia, Virasoro, Monte Caseros e Ituzaing\u00f3. En la ciudad de Corrientes, estar\u00e1n en el barrio Industrial. Se trabaja con cada hospital, APS local y municipios.<\/p>\n","protected":false},"excerpt":{"rendered":"<p>A trav\u00e9s de este programa, agentes sanitarios, promotores de salud y obstetras, debidamente identificados, llegan a los hogares de los distintos barrios de capital e interior, para detectar a personas&hellip; <\/p>\n","protected":false},"author":12,"featured_media":161797,"comment_status":"closed","ping_status":"open","sticky":false,"template":"","format":"standard","meta":{"footnotes":""},"categories":[1],"tags":[],"class_list":["post-161783","post","type-post","status-publish","format-standard","has-post-thumbnail","hentry","category-informacion-general"],"_links":{"self":[{"href":"https:\/\/corrientesdetarde.com\/index.php\/wp-json\/wp\/v2\/posts\/161783","targetHints":{"allow":["GET"]}}],"collection":[{"href":"https:\/\/corrientesdetarde.com\/index.php\/wp-json\/wp\/v2\/posts"}],"about":[{"href":"https:\/\/corrientesdetarde.com\/index.php\/wp-json\/wp\/v2\/types\/post"}],"author":[{"embeddable":true,"href":"https:\/\/corrientesdetarde.com\/index.php\/wp-json\/wp\/v2\/users\/12"}],"replies":[{"embeddable":true,"href":"https:\/\/corrientesdetarde.com\/index.php\/wp-json\/wp\/v2\/comments?post=161783"}],"version-history":[{"count":1,"href":"https:\/\/corrientesdetarde.com\/index.php\/wp-json\/wp\/v2\/posts\/161783\/revisions"}],"predecessor-version":[{"id":161798,"href":"https:\/\/corrientesdetarde.com\/index.php\/wp-json\/wp\/v2\/posts\/161783\/revisions\/161798"}],"wp:featuredmedia":[{"embeddable":true,"href":"https:\/\/corrientesdetarde.com\/index.php\/wp-json\/wp\/v2\/media\/161797"}],"wp:attachment":[{"href":"https:\/\/corrientesdetarde.com\/index.php\/wp-json\/wp\/v2\/media?parent=161783"}],"wp:term":[{"taxonomy":"category","embeddable":true,"href":"https:\/\/corrientesdetarde.com\/index.php\/wp-json\/wp\/v2\/categories?post=161783"},{"taxonomy":"post_tag","embeddable":true,"href":"https:\/\/corrientesdetarde.com\/index.php\/wp-json\/wp\/v2\/tags?post=161783"}],"curies":[{"name":"wp","href":"https:\/\/api.w.org\/{rel}","templated":true}]}}