{"id":161784,"date":"2024-08-26T12:18:16","date_gmt":"2024-08-26T15:18:16","guid":{"rendered":"https:\/\/corrientesdetarde.com\/?p=161784"},"modified":"2024-08-26T12:18:21","modified_gmt":"2024-08-26T15:18:21","slug":"salvarredy-el-interes-por-el-puente-con-itaqui-depende-de-la-decision-del-pais","status":"publish","type":"post","link":"https:\/\/corrientesdetarde.com\/index.php\/informacion-general\/salvarredy-el-interes-por-el-puente-con-itaqui-depende-de-la-decision-del-pais\/","title":{"rendered":"Salvarredy: &#8220;El inter\u00e9s por el puente con Itaqu\u00ed depende de la decisi\u00f3n del pa\u00eds&#8221;"},"content":{"rendered":"\n<ul class=\"wp-block-list\"><\/ul>\n\n\n\n<p><strong>El intendente de Alvear, Miguel Salvarredy coment\u00f3  que lo que sucedi\u00f3 es una continuidad del proyecto del puente con Itaqu\u00ed. &#8220;La semana pasada lo declarado e Inter\u00e9s en el Senado, tras ser presentado por el Honorable Concejo Deliberante de Alvear, agradecemos a nuestros senadores. Siempre digo que esto es una decisi\u00f3n de dos pa\u00edses, trasciende los gobiernos comunales o provinciales&#8221;, recalc\u00f3.<\/strong><\/p>\n\n\n\n<p>&#8220;Si no&nbsp;pueden arreglar una ruta o la cabecera de ingreso al puente existente en Paso de los Libres-Uruguayana es medio imposible que piensen en un nuevo puente&#8221;, opin\u00f3 Salvarredy.<\/p>\n","protected":false},"excerpt":{"rendered":"<p>El intendente de Alvear, Miguel Salvarredy coment\u00f3 que lo que sucedi\u00f3 es una continuidad del proyecto del puente con Itaqu\u00ed. &#8220;La semana pasada lo declarado e Inter\u00e9s en el Senado,&hellip; <\/p>\n","protected":false},"author":12,"featured_media":161799,"comment_status":"closed","ping_status":"open","sticky":false,"template":"","format":"standard","meta":{"footnotes":""},"categories":[1],"tags":[],"class_list":["post-161784","post","type-post","status-publish","format-standard","has-post-thumbnail","hentry","category-informacion-general"],"_links":{"self":[{"href":"https:\/\/corrientesdetarde.com\/index.php\/wp-json\/wp\/v2\/posts\/161784","targetHints":{"allow":["GET"]}}],"collection":[{"href":"https:\/\/corrientesdetarde.com\/index.php\/wp-json\/wp\/v2\/posts"}],"about":[{"href":"https:\/\/corrientesdetarde.com\/index.php\/wp-json\/wp\/v2\/types\/post"}],"author":[{"embeddable":true,"href":"https:\/\/corrientesdetarde.com\/index.php\/wp-json\/wp\/v2\/users\/12"}],"replies":[{"embeddable":true,"href":"https:\/\/corrientesdetarde.com\/index.php\/wp-json\/wp\/v2\/comments?post=161784"}],"version-history":[{"count":1,"href":"https:\/\/corrientesdetarde.com\/index.php\/wp-json\/wp\/v2\/posts\/161784\/revisions"}],"predecessor-version":[{"id":161800,"href":"https:\/\/corrientesdetarde.com\/index.php\/wp-json\/wp\/v2\/posts\/161784\/revisions\/161800"}],"wp:featuredmedia":[{"embeddable":true,"href":"https:\/\/corrientesdetarde.com\/index.php\/wp-json\/wp\/v2\/media\/161799"}],"wp:attachment":[{"href":"https:\/\/corrientesdetarde.com\/index.php\/wp-json\/wp\/v2\/media?parent=161784"}],"wp:term":[{"taxonomy":"category","embeddable":true,"href":"https:\/\/corrientesdetarde.com\/index.php\/wp-json\/wp\/v2\/categories?post=161784"},{"taxonomy":"post_tag","embeddable":true,"href":"https:\/\/corrientesdetarde.com\/index.php\/wp-json\/wp\/v2\/tags?post=161784"}],"curies":[{"name":"wp","href":"https:\/\/api.w.org\/{rel}","templated":true}]}}