{"id":161785,"date":"2024-08-26T12:19:19","date_gmt":"2024-08-26T15:19:19","guid":{"rendered":"https:\/\/corrientesdetarde.com\/?p=161785"},"modified":"2024-08-26T12:19:20","modified_gmt":"2024-08-26T15:19:20","slug":"avanzan-las-obras-del-nuevo-edificio-del-mercado-ex-via","status":"publish","type":"post","link":"https:\/\/corrientesdetarde.com\/index.php\/informacion-general\/avanzan-las-obras-del-nuevo-edificio-del-mercado-ex-via\/","title":{"rendered":"Avanzan las obras del nuevo edificio del \u201cMercado Ex V\u00eda\u201d"},"content":{"rendered":"\n<p><strong>El Gobierno Provincial avanza a pasos firmes en la construcci\u00f3n del nuevo edificio del \u201cMercado Ex V\u00eda\u201d que contar\u00e1 con 88 locales, oficinas administrativas, instalaciones el\u00e9ctricas, sanitarias contra incendios, iluminaci\u00f3n led y balcones internos que mejorar\u00e1n la ventilaci\u00f3n y el ingreso de luz natural.<\/strong><\/p>\n\n\n\n<p>A trav\u00e9s de sus redes sociales, la Provincia puso de relieve que, con esta importante obra, \u201cestamos asegurando las condiciones y medidas de seguridad para que los puesteros y vecinos vuelvan a disfrutar de su espacio completamente renovado\u201d.<\/p>\n\n\n\n<p>La decisi\u00f3n de construir a nuevo este paseo de compras, ubicado en la calle Lisandro Segovia entre las calles Dr. R Carrillo y Lavalle, lindero al Mercado de Productos Frescos en el barrio San Mart\u00edn de la ciudad de Corrientes, fue resuelta por el gobernador Gustavo Vald\u00e9s a fin de dar soluci\u00f3n efectiva y definitiva a las familias que viv\u00edan del comercio en ese lugar hasta ser arrasado por un feroz incendio el 21 de diciembre de 2018.<\/p>\n\n\n\n<p>La obra, encarada con recursos propios del erario provincial, es llevada adelante por el ministerio de Obras y Servicios P\u00fablicos, bajo la supervisi\u00f3n t\u00e9cnica de su Coordinaci\u00f3n de Proyectos.<\/p>\n\n\n\n<p>El nuevo Mercado estar\u00e1 compuesto por una construcci\u00f3n en forma de prisma rectangular de bloques s\u00edmil piedra ubicada en el mismo lugar del tinglado siniestrado y contempla la instalaci\u00f3n de 88 locales comerciales, distribuidos en planta baja y planta alta, una sala de m\u00e1quinas, oficina administrativa y sanitarios masculinos y femeninos.<\/p>\n\n\n\n<p>Por otra parte, el edificio tendr\u00e1 un espacio central donde se ubican las escaleras a planta alta, oficiando adem\u00e1s de pasillo que comunica los boxes de los puestos, y espacio de descanso. La planta alta contar\u00e1 con balcones que permitir\u00e1n la visual a planta baja, mejorando adem\u00e1s la ventilaci\u00f3n e iluminaci\u00f3n del edificio.<\/p>\n\n\n\n<p>El objetivo de esta estructura es lograr un lugar adecuado y con todos los espacios e instalaciones necesarias b\u00e1sicas que permitan el uso p\u00fablico, seguro tanto para los puesteros, como para la gran afluencia de vecinos que har\u00e1n uso del lugar diariamente.<\/p>\n","protected":false},"excerpt":{"rendered":"<p>El Gobierno Provincial avanza a pasos firmes en la construcci\u00f3n del nuevo edificio del \u201cMercado Ex V\u00eda\u201d que contar\u00e1 con 88 locales, oficinas administrativas, instalaciones el\u00e9ctricas, sanitarias contra incendios, iluminaci\u00f3n&hellip; <\/p>\n","protected":false},"author":12,"featured_media":161801,"comment_status":"closed","ping_status":"open","sticky":false,"template":"","format":"standard","meta":{"footnotes":""},"categories":[1],"tags":[],"class_list":["post-161785","post","type-post","status-publish","format-standard","has-post-thumbnail","hentry","category-informacion-general"],"_links":{"self":[{"href":"https:\/\/corrientesdetarde.com\/index.php\/wp-json\/wp\/v2\/posts\/161785","targetHints":{"allow":["GET"]}}],"collection":[{"href":"https:\/\/corrientesdetarde.com\/index.php\/wp-json\/wp\/v2\/posts"}],"about":[{"href":"https:\/\/corrientesdetarde.com\/index.php\/wp-json\/wp\/v2\/types\/post"}],"author":[{"embeddable":true,"href":"https:\/\/corrientesdetarde.com\/index.php\/wp-json\/wp\/v2\/users\/12"}],"replies":[{"embeddable":true,"href":"https:\/\/corrientesdetarde.com\/index.php\/wp-json\/wp\/v2\/comments?post=161785"}],"version-history":[{"count":1,"href":"https:\/\/corrientesdetarde.com\/index.php\/wp-json\/wp\/v2\/posts\/161785\/revisions"}],"predecessor-version":[{"id":161802,"href":"https:\/\/corrientesdetarde.com\/index.php\/wp-json\/wp\/v2\/posts\/161785\/revisions\/161802"}],"wp:featuredmedia":[{"embeddable":true,"href":"https:\/\/corrientesdetarde.com\/index.php\/wp-json\/wp\/v2\/media\/161801"}],"wp:attachment":[{"href":"https:\/\/corrientesdetarde.com\/index.php\/wp-json\/wp\/v2\/media?parent=161785"}],"wp:term":[{"taxonomy":"category","embeddable":true,"href":"https:\/\/corrientesdetarde.com\/index.php\/wp-json\/wp\/v2\/categories?post=161785"},{"taxonomy":"post_tag","embeddable":true,"href":"https:\/\/corrientesdetarde.com\/index.php\/wp-json\/wp\/v2\/tags?post=161785"}],"curies":[{"name":"wp","href":"https:\/\/api.w.org\/{rel}","templated":true}]}}