{"id":161788,"date":"2024-08-26T11:58:17","date_gmt":"2024-08-26T14:58:17","guid":{"rendered":"https:\/\/corrientesdetarde.com\/?p=161788"},"modified":"2024-08-26T11:58:28","modified_gmt":"2024-08-26T14:58:28","slug":"valdes-presidio-acto-de-asuncion-de-kunin-al-instituto-de-cultura","status":"publish","type":"post","link":"https:\/\/corrientesdetarde.com\/index.php\/politica\/valdes-presidio-acto-de-asuncion-de-kunin-al-instituto-de-cultura\/","title":{"rendered":"Vald\u00e9s presidi\u00f3 acto de asunci\u00f3n de Kunin al Instituto de Cultura"},"content":{"rendered":"\n<p><strong>El gobernador Dr Gustavo Vald\u00e9s design\u00f3 en el cargo de presidente del Instituto de Cultura a Beatriz Kunin.&#8221;Mucha emoci\u00f3n de estar ac\u00e1,decirle al Gobernador que me honra y me pone en un compromiso de mucho trabajo que antes lo hac\u00eda desde afuera para continuar desde adentro.Estoy fel\u00edz de poder continuar una tarea que se viene realizando y hay mucho por hacer.Los sue\u00f1os son muchos,esperamos poder cumplirlos&#8221;,dijo Kunin tras firmar su asunci\u00f3n.<\/strong><\/p>\n\n\n\n<p>El primer mandatario correntino agradeci\u00f3 tanto tiempo de Gesti\u00f3n en el Instituto de Cultura ,a cargo del arquitecto Gabriel Romero.&#8221;Lo que se pens\u00f3 es generar un Instituto que trascienda a las gestiones politicas&#8221;,defini\u00f3.<\/p>\n","protected":false},"excerpt":{"rendered":"<p>El gobernador Dr Gustavo Vald\u00e9s design\u00f3 en el cargo de presidente del Instituto de Cultura a Beatriz Kunin.&#8221;Mucha emoci\u00f3n de estar ac\u00e1,decirle al Gobernador que me honra y me pone&hellip; <\/p>\n","protected":false},"author":12,"featured_media":161795,"comment_status":"closed","ping_status":"open","sticky":false,"template":"","format":"standard","meta":{"footnotes":""},"categories":[3],"tags":[],"class_list":["post-161788","post","type-post","status-publish","format-standard","has-post-thumbnail","hentry","category-politica"],"_links":{"self":[{"href":"https:\/\/corrientesdetarde.com\/index.php\/wp-json\/wp\/v2\/posts\/161788","targetHints":{"allow":["GET"]}}],"collection":[{"href":"https:\/\/corrientesdetarde.com\/index.php\/wp-json\/wp\/v2\/posts"}],"about":[{"href":"https:\/\/corrientesdetarde.com\/index.php\/wp-json\/wp\/v2\/types\/post"}],"author":[{"embeddable":true,"href":"https:\/\/corrientesdetarde.com\/index.php\/wp-json\/wp\/v2\/users\/12"}],"replies":[{"embeddable":true,"href":"https:\/\/corrientesdetarde.com\/index.php\/wp-json\/wp\/v2\/comments?post=161788"}],"version-history":[{"count":1,"href":"https:\/\/corrientesdetarde.com\/index.php\/wp-json\/wp\/v2\/posts\/161788\/revisions"}],"predecessor-version":[{"id":161796,"href":"https:\/\/corrientesdetarde.com\/index.php\/wp-json\/wp\/v2\/posts\/161788\/revisions\/161796"}],"wp:featuredmedia":[{"embeddable":true,"href":"https:\/\/corrientesdetarde.com\/index.php\/wp-json\/wp\/v2\/media\/161795"}],"wp:attachment":[{"href":"https:\/\/corrientesdetarde.com\/index.php\/wp-json\/wp\/v2\/media?parent=161788"}],"wp:term":[{"taxonomy":"category","embeddable":true,"href":"https:\/\/corrientesdetarde.com\/index.php\/wp-json\/wp\/v2\/categories?post=161788"},{"taxonomy":"post_tag","embeddable":true,"href":"https:\/\/corrientesdetarde.com\/index.php\/wp-json\/wp\/v2\/tags?post=161788"}],"curies":[{"name":"wp","href":"https:\/\/api.w.org\/{rel}","templated":true}]}}