{"id":161807,"date":"2024-08-26T14:14:45","date_gmt":"2024-08-26T17:14:45","guid":{"rendered":"https:\/\/corrientesdetarde.com\/?p=161807"},"modified":"2024-08-26T14:14:50","modified_gmt":"2024-08-26T17:14:50","slug":"jovenes-escritores-de-sade-corrientes-presentaron-sus-libros-en-la-biblioteca-de-la-legislatura","status":"publish","type":"post","link":"https:\/\/corrientesdetarde.com\/index.php\/eventossociedad\/jovenes-escritores-de-sade-corrientes-presentaron-sus-libros-en-la-biblioteca-de-la-legislatura\/","title":{"rendered":"J\u00f3venes escritores de SADE Corrientes presentaron sus libros en la Biblioteca de la Legislatura"},"content":{"rendered":"\n<p>En el marco del 97\u00b0 Aniversario de la Biblioteca de la Legislatura Provincial, peque\u00f1os y j\u00f3venes escritores de SADE Corrientes presentaron libros de su autor\u00eda bajo la direcci\u00f3n de Iliana Romero.<\/p>\n\n\n\n<p>Una interesante propuesta cultural que estuvo acompa\u00f1ada por los m\u00fasicos Leandro Galarza y Marta Ledesma, con canciones creadas con letras de escritores regionales.<\/p>\n\n\n\n<p>Tras la presentaci\u00f3n, la coordinadora del grupo de peque\u00f1os y j\u00f3venes escritores, Iliana Romero, agradeci\u00f3 la invitaci\u00f3n a participar de esta actividad y coment\u00f3: \u201cLos alumnos presentaron textos de su \u00faltima obra literaria \u201cSusurros en el viento\u201d, un compilado de sus trabajos realizados durante el a\u00f1o 2023. Y con diversas tem\u00e1ticas como leyendas, cuentos fant\u00e1sticos y poes\u00edas\u201d.<\/p>\n\n\n\n<p>\u201cPara este a\u00f1o buscamos una tem\u00e1tica que son las leyendas urbanas de Corrientes, con lo cual los textos y narraciones deben transcurrir en Corrientes capital como en el interior, de esta manera recurren tambi\u00e9n a la investigaci\u00f3n. Desde el taller gratuito de Sade Corrientes, guiamos con todas las herramientas para que sus producciones tengan un buen recibimiento en el p\u00fablico\u201d se\u00f1al\u00f3.<\/p>\n\n\n\n<p>Fundada por Ley N\u00b0528, la Biblioteca fue inaugurada oficialmente el 25 de agosto de 1927, durante el gobierno de Don Benjam\u00edn Gonz\u00e1lez, quien generosamente don\u00f3 250 libros para la consulta de los legisladores. Desde entonces, la Biblioteca ha mantenido su car\u00e1cter p\u00fablico, ofreciendo un invaluable servicio bibliogr\u00e1fico a toda la comunidad.<\/p>\n\n\n\n<p>Bajo la direcci\u00f3n de una Comisi\u00f3n Administradora presidida por el Presidente del Honorable Senado, la Biblioteca ha crecido hasta contar con un fondo bibliogr\u00e1fico de 12.800 t\u00edtulos inventariados, incluyendo una destacada colecci\u00f3n de autores correntinos. Sus \u00e1reas de contenido abarcan una amplia gama de temas, tales como Derecho, Historia Argentina, Literatura, Religi\u00f3n y Filosof\u00eda.<\/p>\n\n\n\n<p>Durante el primer mandato del Dr. Braillard Poccard como presidente del Senado, se realiz\u00f3 una significativa incorporaci\u00f3n de libros orientados a las Ciencias Exactas, incluyendo Matem\u00e1tica, F\u00edsica y Qu\u00edmica. En esta segunda gesti\u00f3n, promovi\u00f3 el desarrollo de actividades que fortalecen a la Biblioteca como un espacio cultural, con el objetivo de llegar a un p\u00fablico m\u00e1s amplio.<\/p>\n\n\n\n<figure class=\"wp-block-image size-large\"><img loading=\"lazy\" decoding=\"async\" width=\"1024\" height=\"682\" src=\"https:\/\/corrientesdetarde.com\/wp-content\/uploads\/2024\/08\/WhatsApp-Image-2024-08-26-at-13.24.03-1-1024x682.jpeg\" alt=\"\" class=\"wp-image-161808\" srcset=\"https:\/\/corrientesdetarde.com\/wp-content\/uploads\/2024\/08\/WhatsApp-Image-2024-08-26-at-13.24.03-1-1024x682.jpeg 1024w, https:\/\/corrientesdetarde.com\/wp-content\/uploads\/2024\/08\/WhatsApp-Image-2024-08-26-at-13.24.03-1-300x200.jpeg 300w, https:\/\/corrientesdetarde.com\/wp-content\/uploads\/2024\/08\/WhatsApp-Image-2024-08-26-at-13.24.03-1-768x512.jpeg 768w, https:\/\/corrientesdetarde.com\/wp-content\/uploads\/2024\/08\/WhatsApp-Image-2024-08-26-at-13.24.03-1.jpeg 1280w\" sizes=\"auto, (max-width: 1024px) 100vw, 1024px\" \/><\/figure>\n\n\n\n<figure class=\"wp-block-image size-large\"><img loading=\"lazy\" decoding=\"async\" width=\"1024\" height=\"682\" src=\"https:\/\/corrientesdetarde.com\/wp-content\/uploads\/2024\/08\/WhatsApp-Image-2024-08-26-at-13.24.03-1024x682.jpeg\" alt=\"\" class=\"wp-image-161809\" srcset=\"https:\/\/corrientesdetarde.com\/wp-content\/uploads\/2024\/08\/WhatsApp-Image-2024-08-26-at-13.24.03-1024x682.jpeg 1024w, https:\/\/corrientesdetarde.com\/wp-content\/uploads\/2024\/08\/WhatsApp-Image-2024-08-26-at-13.24.03-300x200.jpeg 300w, https:\/\/corrientesdetarde.com\/wp-content\/uploads\/2024\/08\/WhatsApp-Image-2024-08-26-at-13.24.03-768x512.jpeg 768w, https:\/\/corrientesdetarde.com\/wp-content\/uploads\/2024\/08\/WhatsApp-Image-2024-08-26-at-13.24.03.jpeg 1280w\" sizes=\"auto, (max-width: 1024px) 100vw, 1024px\" \/><\/figure>\n\n\n\n<figure class=\"wp-block-image size-large\"><img loading=\"lazy\" decoding=\"async\" width=\"1024\" height=\"682\" src=\"https:\/\/corrientesdetarde.com\/wp-content\/uploads\/2024\/08\/WhatsApp-Image-2024-08-26-at-13.24.02-1024x682.jpeg\" alt=\"\" class=\"wp-image-161810\" srcset=\"https:\/\/corrientesdetarde.com\/wp-content\/uploads\/2024\/08\/WhatsApp-Image-2024-08-26-at-13.24.02-1024x682.jpeg 1024w, https:\/\/corrientesdetarde.com\/wp-content\/uploads\/2024\/08\/WhatsApp-Image-2024-08-26-at-13.24.02-300x200.jpeg 300w, https:\/\/corrientesdetarde.com\/wp-content\/uploads\/2024\/08\/WhatsApp-Image-2024-08-26-at-13.24.02-768x512.jpeg 768w, https:\/\/corrientesdetarde.com\/wp-content\/uploads\/2024\/08\/WhatsApp-Image-2024-08-26-at-13.24.02.jpeg 1280w\" sizes=\"auto, (max-width: 1024px) 100vw, 1024px\" \/><\/figure>\n","protected":false},"excerpt":{"rendered":"<p>En el marco del 97\u00b0 Aniversario de la Biblioteca de la Legislatura Provincial, peque\u00f1os y j\u00f3venes escritores de SADE Corrientes presentaron libros de su autor\u00eda bajo la direcci\u00f3n de Iliana&hellip; <\/p>\n","protected":false},"author":8,"featured_media":161811,"comment_status":"closed","ping_status":"open","sticky":false,"template":"","format":"standard","meta":{"footnotes":""},"categories":[1208],"tags":[],"class_list":["post-161807","post","type-post","status-publish","format-standard","has-post-thumbnail","hentry","category-eventossociedad"],"_links":{"self":[{"href":"https:\/\/corrientesdetarde.com\/index.php\/wp-json\/wp\/v2\/posts\/161807","targetHints":{"allow":["GET"]}}],"collection":[{"href":"https:\/\/corrientesdetarde.com\/index.php\/wp-json\/wp\/v2\/posts"}],"about":[{"href":"https:\/\/corrientesdetarde.com\/index.php\/wp-json\/wp\/v2\/types\/post"}],"author":[{"embeddable":true,"href":"https:\/\/corrientesdetarde.com\/index.php\/wp-json\/wp\/v2\/users\/8"}],"replies":[{"embeddable":true,"href":"https:\/\/corrientesdetarde.com\/index.php\/wp-json\/wp\/v2\/comments?post=161807"}],"version-history":[{"count":1,"href":"https:\/\/corrientesdetarde.com\/index.php\/wp-json\/wp\/v2\/posts\/161807\/revisions"}],"predecessor-version":[{"id":161812,"href":"https:\/\/corrientesdetarde.com\/index.php\/wp-json\/wp\/v2\/posts\/161807\/revisions\/161812"}],"wp:featuredmedia":[{"embeddable":true,"href":"https:\/\/corrientesdetarde.com\/index.php\/wp-json\/wp\/v2\/media\/161811"}],"wp:attachment":[{"href":"https:\/\/corrientesdetarde.com\/index.php\/wp-json\/wp\/v2\/media?parent=161807"}],"wp:term":[{"taxonomy":"category","embeddable":true,"href":"https:\/\/corrientesdetarde.com\/index.php\/wp-json\/wp\/v2\/categories?post=161807"},{"taxonomy":"post_tag","embeddable":true,"href":"https:\/\/corrientesdetarde.com\/index.php\/wp-json\/wp\/v2\/tags?post=161807"}],"curies":[{"name":"wp","href":"https:\/\/api.w.org\/{rel}","templated":true}]}}