{"id":161818,"date":"2024-08-26T14:20:27","date_gmt":"2024-08-26T17:20:27","guid":{"rendered":"https:\/\/corrientesdetarde.com\/?p=161818"},"modified":"2024-08-26T14:20:31","modified_gmt":"2024-08-26T17:20:31","slug":"el-gobernador-valdes-puso-en-funciones-a-beatriz-kunin-en-el-instituto-de-cultura","status":"publish","type":"post","link":"https:\/\/corrientesdetarde.com\/index.php\/locales\/el-gobernador-valdes-puso-en-funciones-a-beatriz-kunin-en-el-instituto-de-cultura\/","title":{"rendered":"El gobernador Vald\u00e9s puso en funciones a Beatriz Kunin en el Instituto de Cultura"},"content":{"rendered":"\n<p>Este lunes el gobernador Gustavo Vald\u00e9s puso en funciones a la nueva presidenta del Instituto de Cultura, Beatriz Kunin en un acto realizado en Casa de Gobierno. El mandatario remarc\u00f3 la importancia de continuar \u201ccon una l\u00ednea de seguimiento y objetivos claros\u201d en el \u00e1rea \u201cporque los correntinos somos ricos en cultura\u201d.<\/p>\n\n\n\n<p>En el marco del acto y como indica el protocolo, en primer lugar, se dio lectura al decreto de designaci\u00f3n de Beatriz Kunin como presidente del Instituto de Cultura, tras lo cual, el escribano mayor de Gobierno, Rolando Battilana, fiscaliz\u00f3 el acta de toma de posesi\u00f3n del cargo.<\/p>\n\n\n\n<p>\u201cQuiero agradecer a Gabriel Romero por tanto tiempo de gesti\u00f3n al frente del Instituto de Cultura\u201d, inici\u00f3 su alocuci\u00f3n el gobernador Vald\u00e9s, resaltando la gesti\u00f3n del anterior titular del \u00e1rea, recordando que \u201ctuvo una designaci\u00f3n como decano para estar relacionado con nuestra universidad (refiri\u00e9ndose a la UNNE)\u201d.<\/p>\n\n\n\n<p>Continuando, el mandatario remarc\u00f3 la importancia de continuar \u201ccon una l\u00ednea de seguimiento y objetivos claros\u201d, al frente del Instituto, agregando que \u201clos correntinos somos ricos en cultura; tenemos nuestro carnaval y chamam\u00e9, que fue Patrimonio Inmaterial de la Humanidad y realmente nos representa, mediante la m\u00fasica\u201d.<\/p>\n\n\n\n<p>En este sentido, Vald\u00e9s destac\u00f3, adem\u00e1s, el trabajo mancomunado que se viene realizando en materia tur\u00edstica a trav\u00e9s del Comit\u00e9 Iber\u00e1, \u201cpromocionando los esteros, que justamente termina amalgamando lo que somos: nuestra tradici\u00f3n, nuestros gauchos, nuestro paisaje, nuestra historia, nuestro arte, nuestra cultura culinaria, y nuestros artesanos, que con sus manos terminan construyendo cosas que son maravillosas\u201d.<\/p>\n\n\n\n<p>\u201cDespu\u00e9s de tanto tiempo de gesti\u00f3n nos damos cuenta que tenemos que enaltecer a nuestro Instituto de Cultura\u201d, sum\u00f3 el gobernador, a la vez que detall\u00f3 que, desde la Provincia, \u201chicimos tantos museos como nunca antes en la historia porque tenemos que valorarnos\u201d.<\/p>\n\n\n\n<p>\u201cSomos una provincia poderosa, de raigambre y que todav\u00eda tenemos mucho por construir, y justamente el Instituto de Cultura es eso, seguir dando pasos\u201d, a\u00f1adi\u00f3 el mandatario.<\/p>\n\n\n\n<p>En otro orden de temas, el mismo titular del Ejecutivo dio cuenta que desde la Provincia \u201cestamos preservando uno de los edificios m\u00e1s importantes que tenemos, como es el ex Banco de Corrientes (\u00d1andeMac)\u201d.<\/p>\n\n\n\n<p>Continuando, remarc\u00f3 la importancia de tener \u201cun buen presidente en el Instituto de Cultura, lo que implica que los correntinos podamos evolucionar, crecer, y potenciarnos como los seres humanos trascendentes que somos\u201d. \u201cPara eso creo que tenemos que poner una persona que est\u00e9 comprometida, que ame el arte, nuestra cultura, y que realmente nos potencie y, fundamentalmente, que sea una mujer\u201d, d\u00e1ndole la bienvenida la flamante funcionaria en el \u00e1rea.<\/p>\n\n\n\n<p><strong>Presidenta Beatriz Kunin<\/strong><\/p>\n\n\n\n<p>\u201cSiento mucha emoci\u00f3n de estar en este lugar, con tantas caras conocidas y tantos afectos\u201d, manifest\u00f3 inicialmente Beatriz Kunin, para luego agradecer al gobernador Gustavo Vald\u00e9s por \u201chonrarme para asumir este fuerte compromiso de trabajar por la cultura\u201d.<\/p>\n\n\n\n<p>Continuando, Kunin se mostr\u00f3 feliz de continuar con esta \u201cgran tarea que se viene realizando en la cultura de Corrientes desde hace muchos a\u00f1os\u201d, y concluy\u00f3: \u201cHay mucho por hacer, los sue\u00f1os son muchos y esperamos poder cumplirlos\u201d.<\/p>\n\n\n\n<p><strong>Presencias<\/strong><\/p>\n\n\n\n<p>Tambi\u00e9n estuvieron presentes en el acto, el vicegobernador, Pedro Braillard Poccard; ministros, secretarios y subsecretarios del Gabinete provincial; interventores y administradores de entes aut\u00e1rquicos; el intendente de la ciudad de Corrientes, Eduardo Tassano; el presidente del Concejo Deliberante de Capital, Marcos Amarilla; concejales, autoridades de la UNNE y del Superior Tribunal de Justicia; intendentes de localidades del interior; legisladores nacionales y provinciales y representantes del quehacer cultural.<\/p>\n\n\n\n<figure class=\"wp-block-image size-large\"><img loading=\"lazy\" decoding=\"async\" width=\"1024\" height=\"647\" src=\"https:\/\/corrientesdetarde.com\/wp-content\/uploads\/2024\/08\/image-772-1024x647.png\" alt=\"\" class=\"wp-image-161819\" srcset=\"https:\/\/corrientesdetarde.com\/wp-content\/uploads\/2024\/08\/image-772-1024x647.png 1024w, https:\/\/corrientesdetarde.com\/wp-content\/uploads\/2024\/08\/image-772-300x190.png 300w, https:\/\/corrientesdetarde.com\/wp-content\/uploads\/2024\/08\/image-772-768x485.png 768w, https:\/\/corrientesdetarde.com\/wp-content\/uploads\/2024\/08\/image-772-1536x971.png 1536w, https:\/\/corrientesdetarde.com\/wp-content\/uploads\/2024\/08\/image-772.png 1600w\" sizes=\"auto, (max-width: 1024px) 100vw, 1024px\" \/><\/figure>\n\n\n\n<figure class=\"wp-block-image size-large\"><img loading=\"lazy\" decoding=\"async\" width=\"1024\" height=\"682\" src=\"https:\/\/corrientesdetarde.com\/wp-content\/uploads\/2024\/08\/image-773-1024x682.png\" alt=\"\" class=\"wp-image-161820\" srcset=\"https:\/\/corrientesdetarde.com\/wp-content\/uploads\/2024\/08\/image-773-1024x682.png 1024w, https:\/\/corrientesdetarde.com\/wp-content\/uploads\/2024\/08\/image-773-300x200.png 300w, https:\/\/corrientesdetarde.com\/wp-content\/uploads\/2024\/08\/image-773-768x512.png 768w, https:\/\/corrientesdetarde.com\/wp-content\/uploads\/2024\/08\/image-773-1536x1023.png 1536w, https:\/\/corrientesdetarde.com\/wp-content\/uploads\/2024\/08\/image-773.png 1600w\" sizes=\"auto, (max-width: 1024px) 100vw, 1024px\" \/><\/figure>\n\n\n\n<figure class=\"wp-block-image size-large\"><img loading=\"lazy\" decoding=\"async\" width=\"1024\" height=\"682\" src=\"https:\/\/corrientesdetarde.com\/wp-content\/uploads\/2024\/08\/image-775-1024x682.png\" alt=\"\" class=\"wp-image-161822\" srcset=\"https:\/\/corrientesdetarde.com\/wp-content\/uploads\/2024\/08\/image-775-1024x682.png 1024w, https:\/\/corrientesdetarde.com\/wp-content\/uploads\/2024\/08\/image-775-300x200.png 300w, https:\/\/corrientesdetarde.com\/wp-content\/uploads\/2024\/08\/image-775-768x512.png 768w, https:\/\/corrientesdetarde.com\/wp-content\/uploads\/2024\/08\/image-775-1536x1023.png 1536w, https:\/\/corrientesdetarde.com\/wp-content\/uploads\/2024\/08\/image-775.png 1600w\" sizes=\"auto, (max-width: 1024px) 100vw, 1024px\" \/><\/figure>\n\n\n\n<figure class=\"wp-block-image size-large\"><img loading=\"lazy\" decoding=\"async\" width=\"1024\" height=\"682\" src=\"https:\/\/corrientesdetarde.com\/wp-content\/uploads\/2024\/08\/image-776-1024x682.png\" alt=\"\" class=\"wp-image-161823\" srcset=\"https:\/\/corrientesdetarde.com\/wp-content\/uploads\/2024\/08\/image-776-1024x682.png 1024w, https:\/\/corrientesdetarde.com\/wp-content\/uploads\/2024\/08\/image-776-300x200.png 300w, https:\/\/corrientesdetarde.com\/wp-content\/uploads\/2024\/08\/image-776-768x512.png 768w, https:\/\/corrientesdetarde.com\/wp-content\/uploads\/2024\/08\/image-776-1536x1023.png 1536w, https:\/\/corrientesdetarde.com\/wp-content\/uploads\/2024\/08\/image-776.png 1600w\" sizes=\"auto, (max-width: 1024px) 100vw, 1024px\" \/><\/figure>\n\n\n\n<figure class=\"wp-block-image size-large\"><img loading=\"lazy\" decoding=\"async\" width=\"1024\" height=\"682\" src=\"https:\/\/corrientesdetarde.com\/wp-content\/uploads\/2024\/08\/image-777-1024x682.png\" alt=\"\" class=\"wp-image-161824\" srcset=\"https:\/\/corrientesdetarde.com\/wp-content\/uploads\/2024\/08\/image-777-1024x682.png 1024w, https:\/\/corrientesdetarde.com\/wp-content\/uploads\/2024\/08\/image-777-300x200.png 300w, https:\/\/corrientesdetarde.com\/wp-content\/uploads\/2024\/08\/image-777-768x512.png 768w, https:\/\/corrientesdetarde.com\/wp-content\/uploads\/2024\/08\/image-777-1536x1023.png 1536w, https:\/\/corrientesdetarde.com\/wp-content\/uploads\/2024\/08\/image-777.png 1600w\" sizes=\"auto, (max-width: 1024px) 100vw, 1024px\" \/><\/figure>\n\n\n\n<figure class=\"wp-block-image size-large\"><img loading=\"lazy\" decoding=\"async\" width=\"1024\" height=\"682\" src=\"https:\/\/corrientesdetarde.com\/wp-content\/uploads\/2024\/08\/image-778-1024x682.png\" alt=\"\" class=\"wp-image-161825\" srcset=\"https:\/\/corrientesdetarde.com\/wp-content\/uploads\/2024\/08\/image-778-1024x682.png 1024w, https:\/\/corrientesdetarde.com\/wp-content\/uploads\/2024\/08\/image-778-300x200.png 300w, https:\/\/corrientesdetarde.com\/wp-content\/uploads\/2024\/08\/image-778-768x512.png 768w, https:\/\/corrientesdetarde.com\/wp-content\/uploads\/2024\/08\/image-778-1536x1023.png 1536w, https:\/\/corrientesdetarde.com\/wp-content\/uploads\/2024\/08\/image-778.png 1600w\" sizes=\"auto, (max-width: 1024px) 100vw, 1024px\" \/><\/figure>\n\n\n\n<figure class=\"wp-block-image size-large\"><img loading=\"lazy\" decoding=\"async\" width=\"1024\" height=\"634\" src=\"https:\/\/corrientesdetarde.com\/wp-content\/uploads\/2024\/08\/image-779-1024x634.png\" alt=\"\" class=\"wp-image-161826\" srcset=\"https:\/\/corrientesdetarde.com\/wp-content\/uploads\/2024\/08\/image-779-1024x634.png 1024w, https:\/\/corrientesdetarde.com\/wp-content\/uploads\/2024\/08\/image-779-300x186.png 300w, https:\/\/corrientesdetarde.com\/wp-content\/uploads\/2024\/08\/image-779-768x475.png 768w, https:\/\/corrientesdetarde.com\/wp-content\/uploads\/2024\/08\/image-779-1536x950.png 1536w, https:\/\/corrientesdetarde.com\/wp-content\/uploads\/2024\/08\/image-779.png 1600w\" sizes=\"auto, (max-width: 1024px) 100vw, 1024px\" \/><\/figure>\n\n\n\n<figure class=\"wp-block-image size-large\"><img loading=\"lazy\" decoding=\"async\" width=\"1024\" height=\"634\" src=\"https:\/\/corrientesdetarde.com\/wp-content\/uploads\/2024\/08\/image-780-1024x634.png\" alt=\"\" class=\"wp-image-161827\" srcset=\"https:\/\/corrientesdetarde.com\/wp-content\/uploads\/2024\/08\/image-780-1024x634.png 1024w, https:\/\/corrientesdetarde.com\/wp-content\/uploads\/2024\/08\/image-780-300x186.png 300w, https:\/\/corrientesdetarde.com\/wp-content\/uploads\/2024\/08\/image-780-768x475.png 768w, https:\/\/corrientesdetarde.com\/wp-content\/uploads\/2024\/08\/image-780-1536x950.png 1536w, https:\/\/corrientesdetarde.com\/wp-content\/uploads\/2024\/08\/image-780.png 1600w\" sizes=\"auto, (max-width: 1024px) 100vw, 1024px\" \/><\/figure>\n\n\n\n<figure class=\"wp-block-image size-large\"><img loading=\"lazy\" decoding=\"async\" width=\"1024\" height=\"682\" src=\"https:\/\/corrientesdetarde.com\/wp-content\/uploads\/2024\/08\/image-781-1024x682.png\" alt=\"\" class=\"wp-image-161828\" srcset=\"https:\/\/corrientesdetarde.com\/wp-content\/uploads\/2024\/08\/image-781-1024x682.png 1024w, https:\/\/corrientesdetarde.com\/wp-content\/uploads\/2024\/08\/image-781-300x200.png 300w, https:\/\/corrientesdetarde.com\/wp-content\/uploads\/2024\/08\/image-781-768x512.png 768w, https:\/\/corrientesdetarde.com\/wp-content\/uploads\/2024\/08\/image-781-1536x1023.png 1536w, https:\/\/corrientesdetarde.com\/wp-content\/uploads\/2024\/08\/image-781.png 1600w\" sizes=\"auto, (max-width: 1024px) 100vw, 1024px\" \/><\/figure>\n","protected":false},"excerpt":{"rendered":"<p>Este lunes el gobernador Gustavo Vald\u00e9s puso en funciones a la nueva presidenta del Instituto de Cultura, Beatriz Kunin en un acto realizado en Casa de Gobierno. El mandatario remarc\u00f3&hellip; <\/p>\n","protected":false},"author":8,"featured_media":161821,"comment_status":"closed","ping_status":"open","sticky":false,"template":"","format":"standard","meta":{"footnotes":""},"categories":[8],"tags":[],"class_list":["post-161818","post","type-post","status-publish","format-standard","has-post-thumbnail","hentry","category-locales"],"_links":{"self":[{"href":"https:\/\/corrientesdetarde.com\/index.php\/wp-json\/wp\/v2\/posts\/161818","targetHints":{"allow":["GET"]}}],"collection":[{"href":"https:\/\/corrientesdetarde.com\/index.php\/wp-json\/wp\/v2\/posts"}],"about":[{"href":"https:\/\/corrientesdetarde.com\/index.php\/wp-json\/wp\/v2\/types\/post"}],"author":[{"embeddable":true,"href":"https:\/\/corrientesdetarde.com\/index.php\/wp-json\/wp\/v2\/users\/8"}],"replies":[{"embeddable":true,"href":"https:\/\/corrientesdetarde.com\/index.php\/wp-json\/wp\/v2\/comments?post=161818"}],"version-history":[{"count":1,"href":"https:\/\/corrientesdetarde.com\/index.php\/wp-json\/wp\/v2\/posts\/161818\/revisions"}],"predecessor-version":[{"id":161829,"href":"https:\/\/corrientesdetarde.com\/index.php\/wp-json\/wp\/v2\/posts\/161818\/revisions\/161829"}],"wp:featuredmedia":[{"embeddable":true,"href":"https:\/\/corrientesdetarde.com\/index.php\/wp-json\/wp\/v2\/media\/161821"}],"wp:attachment":[{"href":"https:\/\/corrientesdetarde.com\/index.php\/wp-json\/wp\/v2\/media?parent=161818"}],"wp:term":[{"taxonomy":"category","embeddable":true,"href":"https:\/\/corrientesdetarde.com\/index.php\/wp-json\/wp\/v2\/categories?post=161818"},{"taxonomy":"post_tag","embeddable":true,"href":"https:\/\/corrientesdetarde.com\/index.php\/wp-json\/wp\/v2\/tags?post=161818"}],"curies":[{"name":"wp","href":"https:\/\/api.w.org\/{rel}","templated":true}]}}