{"id":161986,"date":"2024-08-27T09:27:33","date_gmt":"2024-08-27T12:27:33","guid":{"rendered":"https:\/\/corrientesdetarde.com\/?p=161986"},"modified":"2024-08-27T09:27:37","modified_gmt":"2024-08-27T12:27:37","slug":"un-hombre-abuso-de-una-paciente-esquizofrenica-en-un-hogar-y-le-ofrecio-casarse-para-que-no-lo-denunciara","status":"publish","type":"post","link":"https:\/\/corrientesdetarde.com\/index.php\/policiales\/un-hombre-abuso-de-una-paciente-esquizofrenica-en-un-hogar-y-le-ofrecio-casarse-para-que-no-lo-denunciara\/","title":{"rendered":"Un hombre abus\u00f3 de una paciente esquizofr\u00e9nica en un hogar y le ofreci\u00f3 casarse para que no lo denunciara"},"content":{"rendered":"\n<p>Un hogar para&nbsp;<strong>ancianos, pacientes psiqui\u00e1tricos y personas con discapacidad<\/strong>&nbsp;fue escenario de un grave caso de abuso sexual en la provincia de Misiones. El agresor, pareja de la propietaria del establecimiento, admiti\u00f3 haber<strong>&nbsp;violado a una de las internas<\/strong>&nbsp;y lanz\u00f3 una indignante propuesta para evitar que lo denuncien.<\/p>\n\n\n\n<p>\u201cYo no tengo problemas en\u00a0<strong>casarme con P. (la v\u00edctima) si dejamos todo as\u00ed nom\u00e1s<\/strong>\u201d, sugiri\u00f3 el imputado, seg\u00fan detall\u00f3 una fuente cercana a la causa al diario\u00a0<em>El Territorio<\/em>, como un \u00faltimo recurso para evitar la c\u00e1rcel. Pero no lo consigui\u00f3. Fue detenido e imputado por\u00a0<strong>abuso sexual con acceso carnal\u00a0<\/strong>y qued\u00f3 a disposici\u00f3n del Juzgado de Instrucci\u00f3n Uno de Ober\u00e1, a cargo de Pedro Piriz.<\/p>\n\n\n\n<h2 class=\"wp-block-heading\">La denuncia<\/h2>\n\n\n\n<p>El caso sali\u00f3 a la luz el 23 de mayo pasado a ra\u00edz de la denuncia que present\u00f3 la hermana de la v\u00edctima, una paciente psiqui\u00e1trica de 46 a\u00f1os que fue sometida&nbsp;<strong>durante al menos cinco meses&nbsp;<\/strong>por el acusado.<\/p>\n\n\n\n<p>De acuerdo a la declaraci\u00f3n de la denunciante, unos d\u00edas antes la hab\u00eda citado la propietaria del Hogar El Manantial, donde estaba alojada su hermana, para ponerla al tanto de la situaci\u00f3n que el propio agresor hab\u00eda confesado al ser increpado por ella.<\/p>\n\n\n\n<p>Tras ser&nbsp;<strong>constatados los abusos&nbsp;<\/strong>por un m\u00e9dico forense, se abri\u00f3 una causa que ya suma<strong>&nbsp;unas 60 p\u00e1ginas con los detalles<\/strong>&nbsp;del aberrante caso y deriv\u00f3 en una orden de detenci\u00f3n para el hombre acusado, de 41 a\u00f1os.<\/p>\n\n\n\n<h2 class=\"wp-block-heading\">El relato del horror<\/h2>\n\n\n\n<p>\u201c(La v\u00edctima) me cont\u00f3 que Abel abus\u00f3 de ella y empec\u00e9 a indagar. Ella mencion\u00f3 que a veces \u00e9l la violaba con un consolador que yo hab\u00eda comprado y especific\u00f3 las caracter\u00edsticas, por lo que\u00a0<strong>me di cuenta que dec\u00eda la verdad.<\/strong>\u00a0Por eso me comuniqu\u00e9 urgente con las hermanas para que la lleven a hacerse los estudios correspondientes\u201d, relat\u00f3 la due\u00f1a del hogar al mismo medio.<\/p>\n\n\n\n<p>Y complet\u00f3: \u201cHabl\u00e9 con \u00e9l y confes\u00f3. Reconoci\u00f3 que la viol\u00f3 y&nbsp;<strong>me pidi\u00f3 que lo ayude a escapar, pero no voy a ser c\u00f3mplice<\/strong>&nbsp;de algo as\u00ed\u201d. Fue entonces, agreg\u00f3, cuando surgi\u00f3 la repudiable propuesta de casamiento&nbsp;<strong>para salir impune del hecho<\/strong>, pero las pruebas y los testimonios lo pusieron contra las cuerdas.<\/p>\n\n\n\n<p>En base al expediente, al agresor abus\u00f3 sexualemente de la paciente en reiteradas oportunidades durante al menos cinco meses.&nbsp;<strong>Incluso, la viol\u00f3 delante de otros pacientes,<\/strong>&nbsp;como dos octogenarias que dorm\u00edan en la misma habitaci\u00f3n y se convirtieron en testigos claves para la acusaci\u00f3n.<\/p>\n\n\n\n<p>M\u00e1s all\u00e1 de su cuadro de esquizofrenia, la v\u00edctima recib\u00eda su medicaci\u00f3n y<strong>&nbsp;era consciente de lo que suced\u00eda.&nbsp;<\/strong>As\u00ed, ella misma pudo contar los ultrajes a los que fue sometida y asegur\u00f3 que&nbsp;<strong>el acusado la amenazaba y hasta le retaceaba comida<\/strong>&nbsp;como castigo si llegaba a resistirse. Adem\u00e1s, declar\u00f3 que en algunas oportunidades la&nbsp;<strong>forzaba a consumir una pastilla amarilla<\/strong>&nbsp;que la dejaba sin fuerza.<\/p>\n","protected":false},"excerpt":{"rendered":"<p>Un hogar para&nbsp;ancianos, pacientes psiqui\u00e1tricos y personas con discapacidad&nbsp;fue escenario de un grave caso de abuso sexual en la provincia de Misiones. El agresor, pareja de la propietaria del establecimiento,&hellip; <\/p>\n","protected":false},"author":12,"featured_media":162005,"comment_status":"closed","ping_status":"open","sticky":false,"template":"","format":"standard","meta":{"footnotes":""},"categories":[33],"tags":[],"class_list":["post-161986","post","type-post","status-publish","format-standard","has-post-thumbnail","hentry","category-policiales"],"_links":{"self":[{"href":"https:\/\/corrientesdetarde.com\/index.php\/wp-json\/wp\/v2\/posts\/161986","targetHints":{"allow":["GET"]}}],"collection":[{"href":"https:\/\/corrientesdetarde.com\/index.php\/wp-json\/wp\/v2\/posts"}],"about":[{"href":"https:\/\/corrientesdetarde.com\/index.php\/wp-json\/wp\/v2\/types\/post"}],"author":[{"embeddable":true,"href":"https:\/\/corrientesdetarde.com\/index.php\/wp-json\/wp\/v2\/users\/12"}],"replies":[{"embeddable":true,"href":"https:\/\/corrientesdetarde.com\/index.php\/wp-json\/wp\/v2\/comments?post=161986"}],"version-history":[{"count":1,"href":"https:\/\/corrientesdetarde.com\/index.php\/wp-json\/wp\/v2\/posts\/161986\/revisions"}],"predecessor-version":[{"id":162006,"href":"https:\/\/corrientesdetarde.com\/index.php\/wp-json\/wp\/v2\/posts\/161986\/revisions\/162006"}],"wp:featuredmedia":[{"embeddable":true,"href":"https:\/\/corrientesdetarde.com\/index.php\/wp-json\/wp\/v2\/media\/162005"}],"wp:attachment":[{"href":"https:\/\/corrientesdetarde.com\/index.php\/wp-json\/wp\/v2\/media?parent=161986"}],"wp:term":[{"taxonomy":"category","embeddable":true,"href":"https:\/\/corrientesdetarde.com\/index.php\/wp-json\/wp\/v2\/categories?post=161986"},{"taxonomy":"post_tag","embeddable":true,"href":"https:\/\/corrientesdetarde.com\/index.php\/wp-json\/wp\/v2\/tags?post=161986"}],"curies":[{"name":"wp","href":"https:\/\/api.w.org\/{rel}","templated":true}]}}