{"id":161988,"date":"2024-08-27T09:06:36","date_gmt":"2024-08-27T12:06:36","guid":{"rendered":"https:\/\/corrientesdetarde.com\/?p=161988"},"modified":"2024-08-27T09:06:47","modified_gmt":"2024-08-27T12:06:47","slug":"el-gobierno-ratifica-el-veto-a-la-reforma-jubilatoria-y-amenaza-con-ir-a-la-justicia-si-el-congreso-lo-revoca","status":"publish","type":"post","link":"https:\/\/corrientesdetarde.com\/index.php\/politica\/el-gobierno-ratifica-el-veto-a-la-reforma-jubilatoria-y-amenaza-con-ir-a-la-justicia-si-el-congreso-lo-revoca\/","title":{"rendered":"El Gobierno ratifica el veto a la reforma jubilatoria y amenaza con ir a la Justicia si el Congreso lo revoca"},"content":{"rendered":"\n<p>El Gobierno no descarta<strong>\u00a0judicializar\u00a0<\/strong>la reforma jubilatoria, que se aprob\u00f3 el jueves por la C\u00e1mara de Senadores, en caso de que el Congreso junte los n\u00fameros para reovcar el\u00a0<strong>veto presidencial<\/strong>que\u00a0<strong>Javier Milei<\/strong>ya confirm\u00f3 que utilizar\u00e1. Sin embargo, especialistas aseguraron \u00a0que es<strong>\u00a0inconstitucional<\/strong>\u00a0judicializar la reforma e ir contra la voluntad del Parlamento.<\/p>\n\n\n\n<p>Ante la consulta de\u00a0<strong>TN<\/strong>, en la Casa Rosada explicaron que<strong>\u00a0en las pr\u00f3ximas horas definir\u00e1n cu\u00e1les ser\u00e1n los pasos a seguir si los bloques opositores consiguen los n\u00fameros para oponerse al veto<\/strong>. \u201cEsto\u00a0<strong>atenta contra el plan del Gobierno,<\/strong>\u00a0contra lo que votaron los argentinos y no es m\u00e1s que pura demagogia populista. El equilibrio fiscal no est\u00e1 en discusi\u00f3n, no se discute. Despu\u00e9s, si el camino va a ser judicializarla, porque claramente es ilegal en virtud de que no cumple con la ley de administraci\u00f3n financiera, o si se van a recortar otras partidas,\u00a0<strong>todo est\u00e1 en an\u00e1lisis y todo es posible<\/strong>\u201d, dijo el vocero presidencial, Manuel Adorni, este lunes en conferencia de prensa.<\/p>\n\n\n\n<p>El abogado&nbsp;<strong>Andr\u00e9s Gil Dom\u00ednguez explic\u00f3 que \u201ces constitucionalmente imposible\u201d&nbsp;<\/strong>lo que plantea el Gobierno de judicializar la reforma porque el Poder Ejecutivo<strong>&nbsp;\u201cno tiene legitimaci\u00f3n procesal para hacerlo\u201d<\/strong>. Adem\u00e1s, aclar\u00f3 a este medio que \u201csi el Congreso insiste con los dos tercios de ambas C\u00e1maras, el Presidente<strong>&nbsp;debe cumplir la ley<\/strong>\u201d.La oposici\u00f3n insiste con el proyecto y afirma que tiene los votos para convertirlo en ley y obligar al Ejecutivo a promulgarla.<\/p>\n\n\n\n<p>Si el Gobierno incumple la voluntad del Parlamento ser\u00eda visto como<strong>&nbsp;\u201ccausal de juicio pol\u00edtico por mal desempe\u00f1o y abuso de poder\u201d,<\/strong>&nbsp;seg\u00fan asegur\u00f3 otro letrado especializado. Sin embargo,<strong>&nbsp;si no alcanzan esta mayor\u00eda, el veto se mantiene<\/strong>&nbsp;y el proyecto no puede ser reconsiderado en las sesiones del mismo a\u00f1o.<\/p>\n\n\n\n<figure class=\"wp-block-image\"><img decoding=\"async\" src=\"https:\/\/tn.com.ar\/resizer\/v2\/por-que-seria-inconstitucional-que-el-gobierno-de-milei-judicialice-la-reforma-jubilatoria-en-caso-de-que-el-congreso-logre-insistir-para-que-sea-ley-con-23-de-ambas-camaras-foto-tn-AJIE2U5O2NAFVI5QAMKSPKF5GE.png?auth=2029934bbb4034a103c780b285a1cdb71ef67bd01e9a991a1bc9952f61466239&amp;width=767\" alt=\"Por qu\u00e9 ser\u00eda inconstitucional que el Gobierno de Milei judicialice la reforma jubilatoria en caso de que el Congreso logre insistir para que sea ley con 2\/3 de ambas C\u00e1maras. (Foto: TN)\"\/><\/figure>\n\n\n\n<p>El veto que Milei confirm\u00f3 el viernes a la madrugada, a trav\u00e9s de un comunicado de la Oficina del Presidente Electo,<strong>\u00a0ser\u00e1 total y tendr\u00e1 que ser debatido por el Congreso de la Naci\u00f3n luego de que se oficialice en el Bolet\u00edn Oficial.<\/strong><\/p>\n\n\n\n<p>Adem\u00e1s, para que el veto de Milei tenga validez debe ser promulgado durante<strong>&nbsp;los 10 d\u00edas h\u00e1biles<\/strong>&nbsp;desde que la reforma fue aprobada en el Congreso, seg\u00fan explic\u00f3 a&nbsp;<strong>TN<\/strong>&nbsp;otro jurista.<\/p>\n\n\n\n<h2 class=\"wp-block-heading\">Por qu\u00e9 Javier Milei est\u00e1 en contra de la reforma jubilatoria<\/h2>\n\n\n\n<p>Tras la aprobaci\u00f3n del Senado, Milei public\u00f3 un comunicado en el que tild\u00f3 como<strong>&nbsp;estafa moral<\/strong>&nbsp;a la nueva f\u00f3rmula jubilatoria. Para el Presidente, el \u00fanico objetivo que tiene es \u201cdestruir el programa econ\u00f3mico del Gobierno\u201d.<\/p>\n\n\n\n<p>\u201cEn un acto de populismo demag\u00f3gico, el Congreso\u00a0<strong>sancion\u00f3 un proyecto de ley irresponsable, ilegal e inconstitucional\u00a0<\/strong>que establece gastos exorbitantes sin su correspondiente partida presupuestaria, lo que implicar\u00eda necesariamente que el Gobierno vuelva a caer en las viejas pr\u00e1cticas de la emisi\u00f3n monetaria, el aumento de impuestos, o el endeudamiento, que son las mismas recetas que nos han llevado al fracaso durante los \u00faltimos 100 a\u00f1os\u201d, expres\u00f3.<\/p>\n\n\n\n<p>En la Oficina del Presidente se\u00f1alaron que \u201c<strong>esta ley implica un gasto adicional del 1,2% del PBI, o lo que es lo mismo, 25% del PBI en t\u00e9rminos din\u00e1micos<\/strong>, obligando al Estado a contraer deuda que deber\u00e1n pagar en el futuro los j\u00f3venes argentinos que, gracias a medidas como esta, hoy son mayoritariamente pobres\u201d.<\/p>\n\n\n\n<p>La reforma que est\u00e1 en cuestionamiento pone fin a la vieja f\u00f3rmula que Javier Milei dispuso mediante el DNU 274 y establece la recuperaci\u00f3n de los haberes previsionales. Sus principales puntos son:<\/p>\n\n\n\n<ul class=\"wp-block-list\">\n<li><strong>Actualizaci\u00f3n de los haberes de forma mensual\u00a0<\/strong>en l\u00ednea con el\u00a0<strong>\u00edndice de precios<\/strong>\u00a0(IPC) que publica el INDEC. En ning\u00fan caso, su aplicaci\u00f3n podr\u00e1 producir la disminuci\u00f3n del haber que percibe el beneficiario.<\/li>\n\n\n\n<li><strong>La aplicaci\u00f3n en marzo de un 50% de aumento<\/strong>\u00a0<strong>adicional\u00a0<\/strong>en funci\u00f3n de la variaci\u00f3n de la Remuneraci\u00f3n Imponible Promedio de los Trabajadores Estables (RIPTE) por sobre la variaci\u00f3n de la inflaci\u00f3n del a\u00f1o anterior.<\/li>\n\n\n\n<li>Un extra del 8,1% en los haberes de jubilados y pensionados en\u00a0<strong>concepto de recomposici\u00f3n<\/strong>. Es decir, un adicional al 12,6% que recibieron en marzo.<\/li>\n\n\n\n<li><strong>Un plus de la ANSES para aquellos que cobren un solo beneficio previsional,<\/strong>\u00a0para que sea utilizado en car\u00e1cter alimentario. Ser\u00e1 igual al valor de la Canasta B\u00e1sica Total de un adulto multiplicado por 1,09.<\/li>\n<\/ul>\n","protected":false},"excerpt":{"rendered":"<p>El Gobierno no descarta\u00a0judicializar\u00a0la reforma jubilatoria, que se aprob\u00f3 el jueves por la C\u00e1mara de Senadores, en caso de que el Congreso junte los n\u00fameros para reovcar el\u00a0veto presidencialque\u00a0Javier Mileiya&hellip; <\/p>\n","protected":false},"author":12,"featured_media":162003,"comment_status":"closed","ping_status":"open","sticky":false,"template":"","format":"standard","meta":{"footnotes":""},"categories":[23,3],"tags":[],"class_list":["post-161988","post","type-post","status-publish","format-standard","has-post-thumbnail","hentry","category-actualidad","category-politica"],"_links":{"self":[{"href":"https:\/\/corrientesdetarde.com\/index.php\/wp-json\/wp\/v2\/posts\/161988","targetHints":{"allow":["GET"]}}],"collection":[{"href":"https:\/\/corrientesdetarde.com\/index.php\/wp-json\/wp\/v2\/posts"}],"about":[{"href":"https:\/\/corrientesdetarde.com\/index.php\/wp-json\/wp\/v2\/types\/post"}],"author":[{"embeddable":true,"href":"https:\/\/corrientesdetarde.com\/index.php\/wp-json\/wp\/v2\/users\/12"}],"replies":[{"embeddable":true,"href":"https:\/\/corrientesdetarde.com\/index.php\/wp-json\/wp\/v2\/comments?post=161988"}],"version-history":[{"count":1,"href":"https:\/\/corrientesdetarde.com\/index.php\/wp-json\/wp\/v2\/posts\/161988\/revisions"}],"predecessor-version":[{"id":162004,"href":"https:\/\/corrientesdetarde.com\/index.php\/wp-json\/wp\/v2\/posts\/161988\/revisions\/162004"}],"wp:featuredmedia":[{"embeddable":true,"href":"https:\/\/corrientesdetarde.com\/index.php\/wp-json\/wp\/v2\/media\/162003"}],"wp:attachment":[{"href":"https:\/\/corrientesdetarde.com\/index.php\/wp-json\/wp\/v2\/media?parent=161988"}],"wp:term":[{"taxonomy":"category","embeddable":true,"href":"https:\/\/corrientesdetarde.com\/index.php\/wp-json\/wp\/v2\/categories?post=161988"},{"taxonomy":"post_tag","embeddable":true,"href":"https:\/\/corrientesdetarde.com\/index.php\/wp-json\/wp\/v2\/tags?post=161988"}],"curies":[{"name":"wp","href":"https:\/\/api.w.org\/{rel}","templated":true}]}}