{"id":161990,"date":"2024-08-27T08:59:52","date_gmt":"2024-08-27T11:59:52","guid":{"rendered":"https:\/\/corrientesdetarde.com\/?p=161990"},"modified":"2024-08-27T08:59:56","modified_gmt":"2024-08-27T11:59:56","slug":"kunin-tenemos-una-identidad-casi-unica-en-el-pais-asi-que-la-idea-es-trascender-fronteras-2","status":"publish","type":"post","link":"https:\/\/corrientesdetarde.com\/index.php\/politica\/kunin-tenemos-una-identidad-casi-unica-en-el-pais-asi-que-la-idea-es-trascender-fronteras-2\/","title":{"rendered":"Kunin: &#8220;Tenemos una identidad casi \u00fanica en el pa\u00eds&#8221;, as\u00ed que &#8220;la idea es trascender fronteras&#8221;"},"content":{"rendered":"\n<p>Tras el acto en el cual el gobernador Gustavo Vald\u00e9s puso en funciones este lunes a la nueva presidenta del Instituto de Cultura de Corrientes, Beatriz Kunin, la misma dialog\u00f3 con la prensa ante quienes asegur\u00f3 que los correntinos &#8220;tenemos una identidad casi \u00fanica en el pa\u00eds&#8221;, as\u00ed que en ese sentido &#8220;la idea es trascender fronteras&#8221;, complet\u00f3. Agreg\u00f3 adem\u00e1s que &#8220;el camino que se traz\u00f3 vamos a continuar&#8221;, en referencia a la gesti\u00f3n de su antecesor en el cargo, Gabriel Romero.<a href=\"https:\/\/api.whatsapp.com\/send?text=Kunin:%20%22Tenemos%20una%20identidad%20casi%20%C3%BAnica%20en%20el%20pa%C3%ADs%22,%20as%C3%AD%20que%20%22la%20idea%20es%20trascender%20fronteras%22%20-%20https:\/\/www.diarioepoca.com\/1330542-kunin-tenemos-una-identidad-casi-unica-en-el-pais-asi-que-la-idea-es-trascender-fronteras?utm_source=WhatsApp%26utm_medium=WhatsApp%26utm_campaign=WhatsApp%26utm_term=WhatsApp\" target=\"_blank\" rel=\"noreferrer noopener\"><\/a><a href=\"https:\/\/www.diarioepoca.com\/1330542-kunin-tenemos-una-identidad-casi-unica-en-el-pais-asi-que-la-idea-es-trascender-fronteras#\"><\/a><a href=\"https:\/\/www.diarioepoca.com\/1330542-kunin-tenemos-una-identidad-casi-unica-en-el-pais-asi-que-la-idea-es-trascender-fronteras#\"><\/a><\/p>\n\n\n\n<p>Al recordar su paso por la Municipalidad de Corrientes por m\u00e1s de 20 a\u00f1os, Kunin expres\u00f3 que &#8220;con mucho orgullo vuelvo al ruedo, con el honor de que el se\u00f1or Gobernador me haya elegido para esta importante tarea&#8221;. Adelant\u00f3 as\u00ed que &#8220;el camino que se traz\u00f3 se va a continuar, yo no vengo a reemplazar a nadie, soy la sucesora en la gesti\u00f3n que el Arquitecto Gabriel Romero inici\u00f3 y que hoy cumple funciones como Decano de la Facultad de Arte de la Universidad Nacional del Nordeste (UNNE)&#8221;.<\/p>\n\n\n\n<p>En lo que respecta a la impronta que le imprimir\u00e1 a su gesti\u00f3n, coment\u00f3 que &#8220;vamos a ampliar todo lo posible nuestro trabajo en el interior de la Provincia, tratar de federalizar y colaborar con los municipios en todo aquello que lo requieran&#8221;. Igualmente &#8220;ya tenemos un proyecto de trabajo que en uno o dos d\u00edas se los vamos a entregar en la oficina del Instituto de Cultura para que lo tengan a mano, de cu\u00e1l es el plan federal que tenemos&#8221;, les dijo la nueva titular del \u00e1rea a los periodistas.<\/p>\n\n\n\n<p>Fue consultada adem\u00e1s sobre los lineamientos que le pidi\u00f3 Vald\u00e9s para llevar adelante, ante lo cual se\u00f1al\u00f3 que &#8220;el Gobernador me dio la libertad de hacer lo que considere: ustedes saben que vengo de la gesti\u00f3n privada y que por ah\u00ed hay otra mirada, una mirada de afuera, y como a\u00fan tenemos un a\u00f1o largo por delante, hay mucho por hacer todav\u00eda&#8221;. Asimismo, hizo propia las palabras del Mandatario provincial, acerca de que &#8220;somos un pueblo muy rico, una Provincia con mucha capacidad de salir adelante; tenemos algunas cosas en contra ya que estamos lejos de otros centros, las localidades son muchas, m\u00e1s de 70 municipios, pero dispuestos a transitar el camino y hacer que cada correntino pueda vivir mejor&#8221;.Previous<\/p>\n\n\n\n<figure class=\"wp-block-image\"><img decoding=\"async\" src=\"https:\/\/www.diarioepoca.com\/content\/bucket\/0\/1380500h720.jpg.webp\" alt=\"imagen-89976.webp\"\/><\/figure>\n\n\n\n<figure class=\"wp-block-image\"><img decoding=\"async\" src=\"https:\/\/www.diarioepoca.com\/content\/bucket\/1\/1380501h720.jpg.webp\" alt=\"imagen-89975.webp\"\/><\/figure>\n\n\n\n<p>Next<\/p>\n\n\n\n<p>Hizo p\u00fablico tambi\u00e9n sus intenciones al frente del Instituto de Cultura de Corrientes: &#8220;Quiero que saquemos la Provincia fuera de la Provincia, la Capital fuera de la Capital, el interior fuera del interior, y que podamos tambi\u00e9n exportarnos de alguna manera&#8221;. Agreg\u00f3 que &#8220;tenemos una identidad casi \u00fanica dentro del pa\u00eds, tenemos nuestra propia m\u00fasica, comida, nuestro propio idioma&#8221;, entonces &#8220;la idea es trascender, porque no hay l\u00edmites geogr\u00e1ficos, nosotros somos una regi\u00f3n compartida con el sur de Paraguay, el sur de Brasil, nuestros r\u00edos no nos dividen, sino que nos unen&#8221;, acot\u00f3 Kunin.<\/p>\n\n\n\n<p>Por \u00faltimo, manifest\u00f3 que &#8220;debemos seguir apoyando a los emprendedores, a los desarrolladores, ampliar la tarea de los gestores culturales, de los escritores, el arte, que es algo que en los \u00faltimos a\u00f1os se incluy\u00f3 dentro de la gesti\u00f3n cultural&#8221;.<\/p>\n","protected":false},"excerpt":{"rendered":"<p>Tras el acto en el cual el gobernador Gustavo Vald\u00e9s puso en funciones este lunes a la nueva presidenta del Instituto de Cultura de Corrientes, Beatriz Kunin, la misma dialog\u00f3&hellip; <\/p>\n","protected":false},"author":12,"featured_media":161997,"comment_status":"closed","ping_status":"open","sticky":false,"template":"","format":"standard","meta":{"footnotes":""},"categories":[23,3],"tags":[],"class_list":["post-161990","post","type-post","status-publish","format-standard","has-post-thumbnail","hentry","category-actualidad","category-politica"],"_links":{"self":[{"href":"https:\/\/corrientesdetarde.com\/index.php\/wp-json\/wp\/v2\/posts\/161990","targetHints":{"allow":["GET"]}}],"collection":[{"href":"https:\/\/corrientesdetarde.com\/index.php\/wp-json\/wp\/v2\/posts"}],"about":[{"href":"https:\/\/corrientesdetarde.com\/index.php\/wp-json\/wp\/v2\/types\/post"}],"author":[{"embeddable":true,"href":"https:\/\/corrientesdetarde.com\/index.php\/wp-json\/wp\/v2\/users\/12"}],"replies":[{"embeddable":true,"href":"https:\/\/corrientesdetarde.com\/index.php\/wp-json\/wp\/v2\/comments?post=161990"}],"version-history":[{"count":1,"href":"https:\/\/corrientesdetarde.com\/index.php\/wp-json\/wp\/v2\/posts\/161990\/revisions"}],"predecessor-version":[{"id":161998,"href":"https:\/\/corrientesdetarde.com\/index.php\/wp-json\/wp\/v2\/posts\/161990\/revisions\/161998"}],"wp:featuredmedia":[{"embeddable":true,"href":"https:\/\/corrientesdetarde.com\/index.php\/wp-json\/wp\/v2\/media\/161997"}],"wp:attachment":[{"href":"https:\/\/corrientesdetarde.com\/index.php\/wp-json\/wp\/v2\/media?parent=161990"}],"wp:term":[{"taxonomy":"category","embeddable":true,"href":"https:\/\/corrientesdetarde.com\/index.php\/wp-json\/wp\/v2\/categories?post=161990"},{"taxonomy":"post_tag","embeddable":true,"href":"https:\/\/corrientesdetarde.com\/index.php\/wp-json\/wp\/v2\/tags?post=161990"}],"curies":[{"name":"wp","href":"https:\/\/api.w.org\/{rel}","templated":true}]}}