{"id":161991,"date":"2024-08-27T08:58:36","date_gmt":"2024-08-27T11:58:36","guid":{"rendered":"https:\/\/corrientesdetarde.com\/?p=161991"},"modified":"2024-08-27T08:58:41","modified_gmt":"2024-08-27T11:58:41","slug":"fue-apunalado-por-su-hermano-y-murio-tras-varios-dias-de-agonia-2","status":"publish","type":"post","link":"https:\/\/corrientesdetarde.com\/index.php\/destacados\/fue-apunalado-por-su-hermano-y-murio-tras-varios-dias-de-agonia-2\/","title":{"rendered":"Fue apu\u00f1alado por su hermano y muri\u00f3 tras varios d\u00edas de agon\u00eda"},"content":{"rendered":"\n<p>El pasado 18 de agosto mantuvo una discusi\u00f3n con su familiar. Recibi\u00f3 varios puntazos que lo dejaron en grave estado. El hombre ten\u00eda 61 a\u00f1os. El sangriento caso sucedi\u00f3 en la localidad de Goya. El presunto homicida est\u00e1 a disposici\u00f3n de la justicia.<\/p>\n\n\n\n<p>Un hombre de 61 a\u00f1os mantuvo una discusi\u00f3n con su hermano en una vivienda de la localidad de Goya. De un momento a otro uno de ellos empu\u00f1\u00f3 un arma blanca y comenz\u00f3 a apu\u00f1alar a quien ayer a pesar de la atenci\u00f3n m\u00e9dica recibida pereci\u00f3.<\/p>\n\n\n\n<p>El hecho sucedi\u00f3 el 18 de agosto \u00faltimo cuando dos hermanos compart\u00edan un encuentro familiar en una vivienda en la localidad de Goya.<\/p>\n\n\n\n<p>En un momento determinado comenz\u00f3 una discusi\u00f3n que fue subiendo el grado de violencia, tanto que uno de ellos empu\u00f1\u00f3 un arma blanca y comenz\u00f3 el ataque.<\/p>\n\n\n\n<p>El hombre agredido de 61 a\u00f1os qued\u00f3 malherido ensangrentado en el suelo y momento despu\u00e9s fue trasladado al hospital zonal Camilo Muniagurria.<\/p>\n\n\n\n<p>Otras personas que observaron lo sucedido dieron aviso a la polic\u00eda quien lleg\u00f3 a los pocos minutos y comenz\u00f3 la b\u00fasqueda del agresor quien huy\u00f3 hacia zona rural de la localidad.<\/p>\n\n\n\n<p>As\u00ed efectivos policiales de la Unidad especial de Seguridad Rural y Ecol\u00f3gica (Priar) de Goya, en virtud a un pedido de colaboraci\u00f3n de sus pares de la comisar\u00eda Primera iniciaron un intenso trabajo de b\u00fasqueda y localizaci\u00f3n por diferentes campos, caminos y rutas, logrando finalmente en cercan\u00edas de Ruta Nacional N\u00b012 a la altura del Paraje Granja Melia observar circulando de a pie al presunto autor, quien fue detenido de inmediato. Se trat\u00f3 de Miguel Ram\u00f3n G\u00f3mez, tambi\u00e9n mayor de edad.<\/p>\n\n\n\n<figure class=\"wp-block-image\"><img decoding=\"async\" src=\"https:\/\/www.diarioepoca.com\/content\/bucket\/4\/1380484w380h237c.jpg.webp\" alt=\"\"\/><\/figure>\n\n\n\n<h2 class=\"wp-block-heading\">Deceso<\/h2>\n\n\n\n<p>En las primeras horas de ayer, a seis d\u00edas del feroz ataque a pu\u00f1aladas, el hombre de 61 a\u00f1os pereci\u00f3.<\/p>\n\n\n\n<p>As\u00ed fueron notificados los efectivos policiales de la comisar\u00eda Primera por parte del personal de salud del Hospital donde estaba internado.<\/p>\n\n\n\n<p>El sospechado del brutal homicidio contin\u00faa detenido y a disposici\u00f3n de la justicia de turno.<\/p>\n\n\n\n<h2 class=\"wp-block-heading\">Estad\u00edsticas<\/h2>\n\n\n\n<p>En la provincia de Corrientes se registra en lo que va del a\u00f1o 20 muertes por homicidios. Siendo en capital 8 las personas que fallecieron en distintas circunstancias, en tanto en el interior provincial la estad\u00edstica asciende a 12 los muertos.<\/p>\n","protected":false},"excerpt":{"rendered":"<p>El pasado 18 de agosto mantuvo una discusi\u00f3n con su familiar. Recibi\u00f3 varios puntazos que lo dejaron en grave estado. El hombre ten\u00eda 61 a\u00f1os. El sangriento caso sucedi\u00f3 en&hellip; <\/p>\n","protected":false},"author":12,"featured_media":161994,"comment_status":"closed","ping_status":"open","sticky":false,"template":"","format":"standard","meta":{"footnotes":""},"categories":[26,33],"tags":[],"class_list":["post-161991","post","type-post","status-publish","format-standard","has-post-thumbnail","hentry","category-destacados","category-policiales"],"_links":{"self":[{"href":"https:\/\/corrientesdetarde.com\/index.php\/wp-json\/wp\/v2\/posts\/161991","targetHints":{"allow":["GET"]}}],"collection":[{"href":"https:\/\/corrientesdetarde.com\/index.php\/wp-json\/wp\/v2\/posts"}],"about":[{"href":"https:\/\/corrientesdetarde.com\/index.php\/wp-json\/wp\/v2\/types\/post"}],"author":[{"embeddable":true,"href":"https:\/\/corrientesdetarde.com\/index.php\/wp-json\/wp\/v2\/users\/12"}],"replies":[{"embeddable":true,"href":"https:\/\/corrientesdetarde.com\/index.php\/wp-json\/wp\/v2\/comments?post=161991"}],"version-history":[{"count":1,"href":"https:\/\/corrientesdetarde.com\/index.php\/wp-json\/wp\/v2\/posts\/161991\/revisions"}],"predecessor-version":[{"id":161995,"href":"https:\/\/corrientesdetarde.com\/index.php\/wp-json\/wp\/v2\/posts\/161991\/revisions\/161995"}],"wp:featuredmedia":[{"embeddable":true,"href":"https:\/\/corrientesdetarde.com\/index.php\/wp-json\/wp\/v2\/media\/161994"}],"wp:attachment":[{"href":"https:\/\/corrientesdetarde.com\/index.php\/wp-json\/wp\/v2\/media?parent=161991"}],"wp:term":[{"taxonomy":"category","embeddable":true,"href":"https:\/\/corrientesdetarde.com\/index.php\/wp-json\/wp\/v2\/categories?post=161991"},{"taxonomy":"post_tag","embeddable":true,"href":"https:\/\/corrientesdetarde.com\/index.php\/wp-json\/wp\/v2\/tags?post=161991"}],"curies":[{"name":"wp","href":"https:\/\/api.w.org\/{rel}","templated":true}]}}