{"id":162000,"date":"2024-08-27T09:04:07","date_gmt":"2024-08-27T12:04:07","guid":{"rendered":"https:\/\/corrientesdetarde.com\/?p=162000"},"modified":"2024-08-27T09:04:11","modified_gmt":"2024-08-27T12:04:11","slug":"horacio-ortega-en-el-caso-de-loan-trabajamos-por-el-derecho-del-nino","status":"publish","type":"post","link":"https:\/\/corrientesdetarde.com\/index.php\/sociales\/horacio-ortega-en-el-caso-de-loan-trabajamos-por-el-derecho-del-nino\/","title":{"rendered":"Horacio Ortega: &#8220;En el caso de Loan trabajamos por el derecho del ni\u00f1o&#8221;"},"content":{"rendered":"\n<p>Al comienzo de la entrevista el fiscal Ortega remarc\u00f3 que: &#8220;Lo que estamos viendo en estos \u00faltimos tiempos es el mal uso de la informaci\u00f3n, esconderse detr\u00e1s de un micr\u00f3fono o esconderse detr\u00e1s de un video de Tiktok, sentirse impune porque alguien no lo ve. Esto alienta a cosas que no tienen sentido. En el caso de Goya, trabajamos en pos del derecho de ni\u00f1o. Yo creo que no existe la posibilidad de que el Estado intervenga al Gobierno provincial. \u00a0Ante lo que dec\u00eda la jueza que ni el ministro de Seguridad, ministro de Justicia, ni la polic\u00eda pod\u00eda intervenir en las investigaciones, entonces lo \u00fanico que nos quedaba era poder intervenir como querellantes. Son mecanismos que nos da la ley y nos vamos apoyando en eso&#8221;.<\/p>\n\n\n\n<p>Adem\u00e1s destac\u00f3 que: &#8220;Creemos que tenemos un frente pol\u00edtico importante, que ha tenido logros importantes, que la gente no se olvida. Por ejemplo, yo no me olvido que estuve ocho d\u00edas en el hospital de Campa\u00f1a y que me salvaron la vida, como muchos correntinos que pasaron por ah\u00ed. Nos hemos ocupado mucho en la cuesti\u00f3n de la salud y la educaci\u00f3n&#8221;.<\/p>\n","protected":false},"excerpt":{"rendered":"<p>Al comienzo de la entrevista el fiscal Ortega remarc\u00f3 que: &#8220;Lo que estamos viendo en estos \u00faltimos tiempos es el mal uso de la informaci\u00f3n, esconderse detr\u00e1s de un micr\u00f3fono&hellip; <\/p>\n","protected":false},"author":1,"featured_media":162001,"comment_status":"closed","ping_status":"open","sticky":false,"template":"","format":"standard","meta":{"footnotes":""},"categories":[17],"tags":[],"class_list":["post-162000","post","type-post","status-publish","format-standard","has-post-thumbnail","hentry","category-sociales"],"_links":{"self":[{"href":"https:\/\/corrientesdetarde.com\/index.php\/wp-json\/wp\/v2\/posts\/162000","targetHints":{"allow":["GET"]}}],"collection":[{"href":"https:\/\/corrientesdetarde.com\/index.php\/wp-json\/wp\/v2\/posts"}],"about":[{"href":"https:\/\/corrientesdetarde.com\/index.php\/wp-json\/wp\/v2\/types\/post"}],"author":[{"embeddable":true,"href":"https:\/\/corrientesdetarde.com\/index.php\/wp-json\/wp\/v2\/users\/1"}],"replies":[{"embeddable":true,"href":"https:\/\/corrientesdetarde.com\/index.php\/wp-json\/wp\/v2\/comments?post=162000"}],"version-history":[{"count":1,"href":"https:\/\/corrientesdetarde.com\/index.php\/wp-json\/wp\/v2\/posts\/162000\/revisions"}],"predecessor-version":[{"id":162002,"href":"https:\/\/corrientesdetarde.com\/index.php\/wp-json\/wp\/v2\/posts\/162000\/revisions\/162002"}],"wp:featuredmedia":[{"embeddable":true,"href":"https:\/\/corrientesdetarde.com\/index.php\/wp-json\/wp\/v2\/media\/162001"}],"wp:attachment":[{"href":"https:\/\/corrientesdetarde.com\/index.php\/wp-json\/wp\/v2\/media?parent=162000"}],"wp:term":[{"taxonomy":"category","embeddable":true,"href":"https:\/\/corrientesdetarde.com\/index.php\/wp-json\/wp\/v2\/categories?post=162000"},{"taxonomy":"post_tag","embeddable":true,"href":"https:\/\/corrientesdetarde.com\/index.php\/wp-json\/wp\/v2\/tags?post=162000"}],"curies":[{"name":"wp","href":"https:\/\/api.w.org\/{rel}","templated":true}]}}