{"id":162010,"date":"2024-08-27T09:31:12","date_gmt":"2024-08-27T12:31:12","guid":{"rendered":"https:\/\/corrientesdetarde.com\/?p=162010"},"modified":"2024-08-27T09:31:23","modified_gmt":"2024-08-27T12:31:23","slug":"robaron-un-bolso-con-millones-de-pesos-y-miles-de-dolares-el-insolito-motivo-por-el-que-los-detuvieron","status":"publish","type":"post","link":"https:\/\/corrientesdetarde.com\/index.php\/crimen-y-justicia\/robaron-un-bolso-con-millones-de-pesos-y-miles-de-dolares-el-insolito-motivo-por-el-que-los-detuvieron\/","title":{"rendered":"Robaron un bolso con millones de pesos y miles de d\u00f3lares: el ins\u00f3lito motivo por el que los detuvieron"},"content":{"rendered":"\n<p>Delincuentes le\u00a0<strong>rob\u00f3 un bolso con millones de pesos y miles de d\u00f3lares a una pareja<\/strong>\u00a0en pleno microcentro porte\u00f1o, pero fueron detenidos este lunes por la tarde en la localidad bonaerense de\u00a0Gerli\u00a0por un ins\u00f3lito motivo.<\/p>\n\n\n\n<p>El episodio comenz\u00f3 cuando una pareja sal\u00eda de una financiera con un bolso que<strong>\u00a0ten\u00eda US$120.000 y $4.000.000 en efectivo<\/strong>\u00a0y se subi\u00f3 a su auto Volkswagen Polo con la intenci\u00f3n de regresar a su casa.<\/p>\n\n\n\n<p>Fue exactamente en el cruce de la avenida Alem y la calle Florida que<strong>&nbsp;dos motochorros interceptaron al hombre y la mujer y les quitaron el bolso a la fuerza.&nbsp;<\/strong>Con el trabajo absolutamente organizado, un&nbsp;<strong>Fiat Palio&nbsp;<\/strong>se sum\u00f3 a la escena para colaborar en el robo.<\/p>\n\n\n\n<p>El veh\u00edculo era conducido por un c\u00f3mplice que recibi\u00f3 el bolso de dinero y escap\u00f3 por otra v\u00eda, seg\u00fan informaron las fuentes policiales tras el an\u00e1lisis de las c\u00e1maras de seguridad ubicadas en la zona donde ocurri\u00f3 el robo.<\/p>\n\n\n\n<p>Pero lo que no tuvieron en cuenta los delincuentes es que el bolso con el dinero robado&nbsp;<strong>ten\u00eda un dispositivo de GPS adentro&nbsp;<\/strong>que indicaba&nbsp;<strong>la ubicaci\u00f3n exacta&nbsp;<\/strong>en la que estaba el millonario bot\u00edn.<\/p>\n\n\n\n<figure class=\"wp-block-image\"><img decoding=\"async\" src=\"https:\/\/tn.com.ar\/resizer\/v2\/se-movian-a-bordo-de-un-fiat-palio-que-estaba-estacionado-en-la-puerta-de-la-casa-que-fue-allanada-foto-prensa-policia-de-la-ciudad-F2T5R7SO5BFMTB72ODGNQ5IV5I.jpg?auth=bdd52d91d7f7012655ba65864ea869858da36625875860dbaaa92aa823f7af7e&amp;width=767\" alt=\"Se mov\u00edan a bordo de un Fiat Palio que estaba estacionado en la puerta de la casa que fue allanada. (Foto: Prensa Polic\u00eda de la Ciudad).\"\/><figcaption class=\"wp-element-caption\">Se mov\u00edan a bordo de un Fiat Palio que estaba estacionado en la puerta de la casa que fue allanada. (Foto: Prensa Polic\u00eda de la Ciudad).<\/figcaption><\/figure>\n\n\n\n<p>De esta manera, fue sencillo para la Polic\u00eda de la Ciudad dar con la ubicaci\u00f3n exacta de los delincuentes: se trataba de un domicilio ubicado en la calle\u00a0<strong>Bouchard al 1900,\u00a0<\/strong>en la localidad bonaerense de Gerli, partido de\u00a0<strong>Avellaneda.<\/strong><\/p>\n\n\n\n<p>Cuando llegaron al lugar, los efectivos de la polic\u00eda porte\u00f1a notaron que en la puerta de la casa estaba estacionado el Fiat Palio que hab\u00edan usado los ladrones.<\/p>\n\n\n\n<p>Luego de que pasaran algunos d\u00edas desde el robo a la pareja, desde la Polic\u00eda pudieron&nbsp;<strong>observar distintos movimientos de los sospechosos<\/strong>&nbsp;y recolectaron una serie de pruebas para finalmente realizar un allanamiento en el domicilio.<\/p>\n\n\n\n<p>Por orden de la Fiscal\u00eda Nacional en lo Criminal y Correccional N\u00b017, el Personal de la Divisi\u00f3n Robos y Hurtos Norte de la Polic\u00eda de la Ciudad<strong>\u00a0detuvo este lunes por la tarde a tres sospechosos por el robo a la pareja<\/strong>. Se trata de tres hombres de 38, 42 y 43 a\u00f1os.<\/p>\n\n\n\n<p>Durante el procedimiento, uno de los presuntos delincuentes intent\u00f3 escapar saltando por un balc\u00f3n y se&nbsp;<strong>fractur\u00f3 la tibia y el peron\u00e9 al caer<\/strong>, por lo que tuvo que ser internado en un hospital de la zona con custodia policial.<\/p>\n\n\n\n<p>Tras el allanamiento, los efectivos secuestraron una<strong>&nbsp;pistola calibre 9 mil\u00edmetros<\/strong>&nbsp;marca Bersa con nueve cartuchos,&nbsp;<strong>$1.880.000 en efectivo, 17 tel\u00e9fonos celulares,&nbsp;<\/strong>un casco de moto negro y dos DVR. Tambi\u00e9n incautaron prendas de vestir que habr\u00edan sido utilizadas en el momento del robo en Microcentro.<\/p>\n\n\n\n<p>Lo llamativo, y que dar\u00eda a entender que se trata de una banda organizada para este tipo de robos, es que secuestraron&nbsp;<strong>11 veh\u00edculos distintos:&nbsp;<\/strong>un&nbsp;<strong>Fiat Palio<\/strong>, un<strong>&nbsp;Jeep Compass<\/strong>, un&nbsp;<strong>Toyota Corolla<\/strong>, un&nbsp;<strong>Smart Fortwo<\/strong>, una camioneta&nbsp;<strong>RAM 1500<\/strong>, una&nbsp;<strong>moto Yamaha Nmax<\/strong>, una<strong>&nbsp;moto Honda BIZ<\/strong>, una<strong>&nbsp;moto KTM Duke<\/strong>, dos&nbsp;<strong>motos Honda CRF&nbsp;<\/strong>y una<strong>&nbsp;moto Beta 125.<\/strong><\/p>\n","protected":false},"excerpt":{"rendered":"<p>Delincuentes le\u00a0rob\u00f3 un bolso con millones de pesos y miles de d\u00f3lares a una pareja\u00a0en pleno microcentro porte\u00f1o, pero fueron detenidos este lunes por la tarde en la localidad bonaerense&hellip; <\/p>\n","protected":false},"author":12,"featured_media":162013,"comment_status":"closed","ping_status":"open","sticky":false,"template":"","format":"standard","meta":{"footnotes":""},"categories":[5],"tags":[],"class_list":["post-162010","post","type-post","status-publish","format-standard","has-post-thumbnail","hentry","category-crimen-y-justicia"],"_links":{"self":[{"href":"https:\/\/corrientesdetarde.com\/index.php\/wp-json\/wp\/v2\/posts\/162010","targetHints":{"allow":["GET"]}}],"collection":[{"href":"https:\/\/corrientesdetarde.com\/index.php\/wp-json\/wp\/v2\/posts"}],"about":[{"href":"https:\/\/corrientesdetarde.com\/index.php\/wp-json\/wp\/v2\/types\/post"}],"author":[{"embeddable":true,"href":"https:\/\/corrientesdetarde.com\/index.php\/wp-json\/wp\/v2\/users\/12"}],"replies":[{"embeddable":true,"href":"https:\/\/corrientesdetarde.com\/index.php\/wp-json\/wp\/v2\/comments?post=162010"}],"version-history":[{"count":1,"href":"https:\/\/corrientesdetarde.com\/index.php\/wp-json\/wp\/v2\/posts\/162010\/revisions"}],"predecessor-version":[{"id":162014,"href":"https:\/\/corrientesdetarde.com\/index.php\/wp-json\/wp\/v2\/posts\/162010\/revisions\/162014"}],"wp:featuredmedia":[{"embeddable":true,"href":"https:\/\/corrientesdetarde.com\/index.php\/wp-json\/wp\/v2\/media\/162013"}],"wp:attachment":[{"href":"https:\/\/corrientesdetarde.com\/index.php\/wp-json\/wp\/v2\/media?parent=162010"}],"wp:term":[{"taxonomy":"category","embeddable":true,"href":"https:\/\/corrientesdetarde.com\/index.php\/wp-json\/wp\/v2\/categories?post=162010"},{"taxonomy":"post_tag","embeddable":true,"href":"https:\/\/corrientesdetarde.com\/index.php\/wp-json\/wp\/v2\/tags?post=162010"}],"curies":[{"name":"wp","href":"https:\/\/api.w.org\/{rel}","templated":true}]}}