{"id":162019,"date":"2024-08-27T10:56:18","date_gmt":"2024-08-27T13:56:18","guid":{"rendered":"https:\/\/corrientesdetarde.com\/?p=162019"},"modified":"2024-08-27T11:10:57","modified_gmt":"2024-08-27T14:10:57","slug":"el-vicegobernador-destaco-el-compromiso-de-kinesiologo-y-autor-con-la-salud-de-los-correntinos-durante-la-pandemia","status":"publish","type":"post","link":"https:\/\/corrientesdetarde.com\/index.php\/eventossociedad\/el-vicegobernador-destaco-el-compromiso-de-kinesiologo-y-autor-con-la-salud-de-los-correntinos-durante-la-pandemia\/","title":{"rendered":"El Vicegobernador destac\u00f3 el compromiso del kinesi\u00f3logo y autor con la salud de los correntinos durante la pandemia"},"content":{"rendered":"\n<p>PRESENTACI\u00d3N DE LIBRO<\/p>\n\n\n\n<p>En el marco del 97\u00b0 Aniversario de la Biblioteca de la Legislatura Provincial, el Vicegobernador de la provincia Dr. N\u00e9stor Pedro Braillard Poccard acompa\u00f1\u00f3 la presentaci\u00f3n del trabajo narrativo \u201cHospital de Campa\u00f1a\u2026 Bit\u00e1cora de un guerrero\u201d del kinesi\u00f3logo Ricardo Ferreira.<br>En esta obra el autor comparte su experiencia durante la pandemia de COVID-19, el desaf\u00edo que fue trabajar en un entorno de extrema presi\u00f3n y cuidado m\u00e9dico, donde la vocaci\u00f3n y la humanidad en el trabajo fueron fundamentales para brindar apoyo y consuelo a los pacientes.<br>Es destacar que un importante grupo de amigos, familiares y colegas acompa\u00f1\u00f3 la presentaci\u00f3n que se desarroll\u00f3 en un ambiente distendido y ameno y en el que se pudo compartir la experiencia de vida que fue prestar servicia durante la pandemia.<br>Al hacer uso de la palabra, el Vicegobernador se dirigi\u00f3 al autor expres\u00e1ndole: \u201cTe quiero comprometer a que presentes este libro en varios lugares, porque m\u00e1s all\u00e1 de todo tu testimonio que est\u00e1s dejando en las \u00b4p\u00e1ginas de este libro, nada suplanta lo que vos cont\u00e1s, relat\u00e1s, nos copart\u00eds. Creo que hay una deuda enorme con todo el personal de salud y debemos destacar que la medida, la capacidad y la tarea desarrollada por todo el personal del Hospital de Campa\u00f1a fue sumamente acertada\u201d.<br>En la misma l\u00ednea sostuvo: \u201cAc\u00e1 se utiliz\u00f3 la estructura del Hogar Escuela con la mejor central de ox\u00edgeno de la ciudad, dos tom\u00f3grafos y respiradores, que fueron para una resoluci\u00f3n que permiti\u00f3 que tuvi\u00e9ramos una de las tasas de letalidad del coronavirus m\u00e1s bajas de la Argentina. Eso lo vio el Gobernador y tom\u00f3 la decisi\u00f3n de hacerlo; pero nada de eso era suficiente sino hubieran estados ustedes. Por eso yo te pido y te comprometo que nosotros armemos junto con las propuestas que tengas, para que puedas estar y contar estas experiencias a la gente, adem\u00e1s, porque nunca sabemos qu\u00e9 puede volver a pasar\u201d.<br>Braillard Poccard remarc\u00f3: \u201cEntonces yo te pido y te comprometo, si vos est\u00e1s de acuerdo, organizarte giras al interior de la provincia o ac\u00e1 en la ciudad; que cuentes tu testimonio, y vamos a sacar la segunda edici\u00f3n del libro con m\u00e1s cantidad de ejemplares. Si es que te gusta escribir, ten\u00e9s que usar tu talento para escribir otro libro m\u00e1s. As\u00ed que desde ya nos ponemos en campa\u00f1a, si est\u00e1s de acuerdo, ya empezamos a armar el programa de tus visitas\u201d.<\/p>\n\n\n\n<p>HOMENAJE A LA BIBLIOTECA<\/p>\n\n\n\n<p>La oportunidad result\u00f3 propicia tambi\u00e9n para brindar, junto al personal de la casa e invitados, un homenaje a un nuevo aniversario de la Biblioteca de la Legislatura, fue se fund\u00f3 por Ley N\u00b0 528 e inaugur\u00f3 oficialmente el 25 de agosto de 1927, durante el gobierno de Don Benjam\u00edn Gonz\u00e1lez, quien en su momento don\u00f3 generosamente 250 libros para la consulta de los legisladores. Desde entonces, la Biblioteca ha mantenido su car\u00e1cter p\u00fablico, ofreciendo un invaluable servicio bibliogr\u00e1fico a toda la comunidad.<br>Bajo la direcci\u00f3n de la actual Comisi\u00f3n Administradora presidida por el titular del Senado, el Vicegobernador, la Biblioteca ha crecido hasta contar con un fondo bibliogr\u00e1fico de 12.800 t\u00edtulos inventariados, incluyendo una destacada colecci\u00f3n de autores correntinos. Sus \u00e1reas de contenido abarcan una amplia gama de g\u00e9neros y temas, tales como Derecho, Historia Argentina, Literatura, Religi\u00f3n y Filosof\u00eda.<br>Durante el primer mandato del Dr. Braillard Poccard como presidente del Senado, se realiz\u00f3 una significativa incorporaci\u00f3n de libros orientados a las Ciencias Exactas, incluyendo Matem\u00e1tica, F\u00edsica y Qu\u00edmica. En esta segunda gesti\u00f3n, se promovi\u00f3 el desarrollo de actividades que fortalecen a la Biblioteca como un espacio cultural y con el objetivo de llegar a un p\u00fablico m\u00e1s amplio.<\/p>\n\n\n\n<figure class=\"wp-block-embed is-type-video is-provider-youtube wp-block-embed-youtube wp-embed-aspect-16-9 wp-has-aspect-ratio\"><div class=\"wp-block-embed__wrapper\">\n<iframe loading=\"lazy\" title=\"Presentacion del Libro Bitacora de un Guerrero - Biblioteca de la Legislatura de Corrientes\" width=\"1110\" height=\"624\" src=\"https:\/\/www.youtube.com\/embed\/AdVG4A13D2w?feature=oembed\" frameborder=\"0\" allow=\"accelerometer; autoplay; clipboard-write; encrypted-media; gyroscope; picture-in-picture; web-share\" referrerpolicy=\"strict-origin-when-cross-origin\" allowfullscreen><\/iframe>\n<\/div><\/figure>\n\n\n\n<figure class=\"wp-block-image size-large\"><img loading=\"lazy\" decoding=\"async\" width=\"1024\" height=\"628\" src=\"https:\/\/corrientesdetarde.com\/wp-content\/uploads\/2024\/08\/image-835-1024x628.png\" alt=\"\" class=\"wp-image-162023\" srcset=\"https:\/\/corrientesdetarde.com\/wp-content\/uploads\/2024\/08\/image-835-1024x628.png 1024w, https:\/\/corrientesdetarde.com\/wp-content\/uploads\/2024\/08\/image-835-300x184.png 300w, https:\/\/corrientesdetarde.com\/wp-content\/uploads\/2024\/08\/image-835-768x471.png 768w, https:\/\/corrientesdetarde.com\/wp-content\/uploads\/2024\/08\/image-835.png 1328w\" sizes=\"auto, (max-width: 1024px) 100vw, 1024px\" \/><\/figure>\n\n\n\n<figure class=\"wp-block-image size-large\"><img loading=\"lazy\" decoding=\"async\" width=\"1024\" height=\"670\" src=\"https:\/\/corrientesdetarde.com\/wp-content\/uploads\/2024\/08\/image-836-1024x670.png\" alt=\"\" class=\"wp-image-162024\" srcset=\"https:\/\/corrientesdetarde.com\/wp-content\/uploads\/2024\/08\/image-836-1024x670.png 1024w, https:\/\/corrientesdetarde.com\/wp-content\/uploads\/2024\/08\/image-836-300x196.png 300w, https:\/\/corrientesdetarde.com\/wp-content\/uploads\/2024\/08\/image-836-768x503.png 768w, https:\/\/corrientesdetarde.com\/wp-content\/uploads\/2024\/08\/image-836.png 1352w\" sizes=\"auto, (max-width: 1024px) 100vw, 1024px\" \/><\/figure>\n","protected":false},"excerpt":{"rendered":"<p>PRESENTACI\u00d3N DE LIBRO En el marco del 97\u00b0 Aniversario de la Biblioteca de la Legislatura Provincial, el Vicegobernador de la provincia Dr. N\u00e9stor Pedro Braillard Poccard acompa\u00f1\u00f3 la presentaci\u00f3n del&hellip; <\/p>\n","protected":false},"author":1,"featured_media":162022,"comment_status":"closed","ping_status":"open","sticky":false,"template":"","format":"standard","meta":{"footnotes":""},"categories":[1208],"tags":[],"class_list":["post-162019","post","type-post","status-publish","format-standard","has-post-thumbnail","hentry","category-eventossociedad"],"_links":{"self":[{"href":"https:\/\/corrientesdetarde.com\/index.php\/wp-json\/wp\/v2\/posts\/162019","targetHints":{"allow":["GET"]}}],"collection":[{"href":"https:\/\/corrientesdetarde.com\/index.php\/wp-json\/wp\/v2\/posts"}],"about":[{"href":"https:\/\/corrientesdetarde.com\/index.php\/wp-json\/wp\/v2\/types\/post"}],"author":[{"embeddable":true,"href":"https:\/\/corrientesdetarde.com\/index.php\/wp-json\/wp\/v2\/users\/1"}],"replies":[{"embeddable":true,"href":"https:\/\/corrientesdetarde.com\/index.php\/wp-json\/wp\/v2\/comments?post=162019"}],"version-history":[{"count":2,"href":"https:\/\/corrientesdetarde.com\/index.php\/wp-json\/wp\/v2\/posts\/162019\/revisions"}],"predecessor-version":[{"id":162026,"href":"https:\/\/corrientesdetarde.com\/index.php\/wp-json\/wp\/v2\/posts\/162019\/revisions\/162026"}],"wp:featuredmedia":[{"embeddable":true,"href":"https:\/\/corrientesdetarde.com\/index.php\/wp-json\/wp\/v2\/media\/162022"}],"wp:attachment":[{"href":"https:\/\/corrientesdetarde.com\/index.php\/wp-json\/wp\/v2\/media?parent=162019"}],"wp:term":[{"taxonomy":"category","embeddable":true,"href":"https:\/\/corrientesdetarde.com\/index.php\/wp-json\/wp\/v2\/categories?post=162019"},{"taxonomy":"post_tag","embeddable":true,"href":"https:\/\/corrientesdetarde.com\/index.php\/wp-json\/wp\/v2\/tags?post=162019"}],"curies":[{"name":"wp","href":"https:\/\/api.w.org\/{rel}","templated":true}]}}