{"id":162040,"date":"2024-08-27T11:57:34","date_gmt":"2024-08-27T14:57:34","guid":{"rendered":"https:\/\/corrientesdetarde.com\/?p=162040"},"modified":"2024-08-27T11:57:46","modified_gmt":"2024-08-27T14:57:46","slug":"alberto-fernandez-volvio-a-pedir-que-la-causa-por-violencia-de-genero-pase-a-los-tribunales-de-san-isidro","status":"publish","type":"post","link":"https:\/\/corrientesdetarde.com\/index.php\/politica\/alberto-fernandez-volvio-a-pedir-que-la-causa-por-violencia-de-genero-pase-a-los-tribunales-de-san-isidro\/","title":{"rendered":"Alberto Fern\u00e1ndez volvi\u00f3 a pedir que la causa por violencia de g\u00e9nero pase a los tribunales de San Isidro"},"content":{"rendered":"\n<p>El expresidente\u00a0<strong>Alberto Fern\u00e1ndez<\/strong>\u00a0volvi\u00f3 a reclamar que la causa por violencia de g\u00e9nero a la ex primera dama\u00a0<strong>Fabiola Ya\u00f1ez,<\/strong>\u00a0en la que est\u00e1 imputado, pase a la justicia federal de San Isidro. La presentaci\u00f3n la hizo la abogada del exmandatario,\u00a0<strong>Silvina Carreira,<\/strong>\u00a0que apel\u00f3 en la noche del lunes el fallo del juez federal,\u00a0<strong>Juli\u00e1n Ercolini,<\/strong>\u00a0que determin\u00f3 que debe seguir en los tribunales porte\u00f1os de Comodoro Py. Ahora\u00a0<strong>ser\u00e1 la C\u00e1mara Federal porte\u00f1a,<\/strong>\u00a0ante la que Carreira hizo la apelaci\u00f3n, la que decida si el expediente debe seguir en los tribunales porte\u00f1os o pasar a San Isidro, como reclama la defensa de Alberto Fern\u00e1ndez.<\/p>\n\n\n\n<p>Ercolini determin\u00f3 que la causa permaneciera en Comodoro Py tras la resoluci\u00f3n del fiscal federal,\u00a0<strong>Ramiro Gonz\u00e1lez,<\/strong>\u00a0que hab\u00eda defendido la competencia de la investigaci\u00f3n. Seg\u00fan Gonz\u00e1lez los episodios de agresi\u00f3n y hostigamiento empezaron en\u00a0<strong>la ciudad de Buenos Aires<\/strong>en 2016 y siguieron durante todos estos a\u00f1os.<\/p>\n\n\n\n<p>El fiscal consign\u00f3: \u201cLo que se investiga&nbsp;<strong>es una sola conducta desplegada en varios hechos\u201d,<\/strong>&nbsp;al elevar el pedido al juez Ercolini, que coincide con la postura de Fabiola Ya\u00f1ez. Gonz\u00e1lez argument\u00f3: \u201cM\u00e1s all\u00e1 de las calificaciones legales que eventualmente corresponda asignar de un modo definitivo a los hechos objeto del proceso, estos surgen de un relato que revela un contexto de violencia de g\u00e9nero asentado sobre una&nbsp;<strong>relaci\u00f3n asim\u00e9trica y desigual<\/strong>&nbsp;de poder que se ha desarrollado a lo largo del tiempo\u201d.<\/p>\n\n\n\n<p>El fiscal explic\u00f3: \u201cEstas caracter\u00edsticas imponen un comportamiento prudente a la hora de definir la intervenci\u00f3n del juez que habr\u00e1 de intervenir en raz\u00f3n del territorio pues, justamente, el tiempo, el contexto y las formas violentas de ejercicio de poder que han sido denunciadas no pueden asignarse, de momento, a un&nbsp;<strong>enclave geogr\u00e1fico \u00fanico y determinado\u201d.<\/strong><\/p>\n\n\n\n<h2 class=\"wp-block-heading\">Por qu\u00e9 la causa por violencia de g\u00e9nero de Alberto Fern\u00e1ndez a Fabiola Ya\u00f1ez sigue en Comodoro Py<\/h2>\n\n\n\n<ul class=\"wp-block-list\">\n<li>La defensa del expresidente hab\u00eda planteado que por tratarse de hechos de violencia que habr\u00edan sucedido en la Quinta de Olivos la causa deb\u00eda pasar a la Justicia de San Isidro. En respuesta el fiscal Gonz\u00e1lez plante\u00f3 en su resoluci\u00f3n que \u201clas caracter\u00edsticas de los hechos objeto del proceso sugieren con claridad que la declaraci\u00f3n de\u00a0<strong>incompetencia territorial\u201d<\/strong>\u00a0propuesta por el exmandatario \u201dse presenta como\u00a0<strong>prematura\u201d,<\/strong>\u00a0y que por lo tanto deb\u00eda seguir en la \u00f3rbita de Comodoro Py.<\/li>\n\n\n\n<li>Mientras que la abogada de la ex primera dama,\u00a0<strong>Mariana Gallego,<\/strong>\u00a0se hab\u00eda pronunciado por mantener la causa en los tribunales porte\u00f1os al mencionar que los hechos que confirm\u00f3 durante la audiencia con la fiscal\u00eda empezaron cuando Alberto Fern\u00e1ndez y Ya\u00f1ez viv\u00edan juntos en la ciudad de Buenos Aires.<\/li>\n\n\n\n<li>La aparici\u00f3n del departamento de Puerto Madero se desprende del relato de Fabiola Ya\u00f1ez que, seg\u00fan la abogada, \u201crevela un contexto de violencia de g\u00e9neroasentado sobre una relaci\u00f3n asim\u00e9trica y desigual de poder que se ha desarrollado a lo largo del tiempo\u201d.<\/li>\n<\/ul>\n","protected":false},"excerpt":{"rendered":"<p>El expresidente\u00a0Alberto Fern\u00e1ndez\u00a0volvi\u00f3 a reclamar que la causa por violencia de g\u00e9nero a la ex primera dama\u00a0Fabiola Ya\u00f1ez,\u00a0en la que est\u00e1 imputado, pase a la justicia federal de San Isidro.&hellip; <\/p>\n","protected":false},"author":12,"featured_media":162046,"comment_status":"closed","ping_status":"open","sticky":false,"template":"","format":"standard","meta":{"footnotes":""},"categories":[3],"tags":[],"class_list":["post-162040","post","type-post","status-publish","format-standard","has-post-thumbnail","hentry","category-politica"],"_links":{"self":[{"href":"https:\/\/corrientesdetarde.com\/index.php\/wp-json\/wp\/v2\/posts\/162040","targetHints":{"allow":["GET"]}}],"collection":[{"href":"https:\/\/corrientesdetarde.com\/index.php\/wp-json\/wp\/v2\/posts"}],"about":[{"href":"https:\/\/corrientesdetarde.com\/index.php\/wp-json\/wp\/v2\/types\/post"}],"author":[{"embeddable":true,"href":"https:\/\/corrientesdetarde.com\/index.php\/wp-json\/wp\/v2\/users\/12"}],"replies":[{"embeddable":true,"href":"https:\/\/corrientesdetarde.com\/index.php\/wp-json\/wp\/v2\/comments?post=162040"}],"version-history":[{"count":1,"href":"https:\/\/corrientesdetarde.com\/index.php\/wp-json\/wp\/v2\/posts\/162040\/revisions"}],"predecessor-version":[{"id":162047,"href":"https:\/\/corrientesdetarde.com\/index.php\/wp-json\/wp\/v2\/posts\/162040\/revisions\/162047"}],"wp:featuredmedia":[{"embeddable":true,"href":"https:\/\/corrientesdetarde.com\/index.php\/wp-json\/wp\/v2\/media\/162046"}],"wp:attachment":[{"href":"https:\/\/corrientesdetarde.com\/index.php\/wp-json\/wp\/v2\/media?parent=162040"}],"wp:term":[{"taxonomy":"category","embeddable":true,"href":"https:\/\/corrientesdetarde.com\/index.php\/wp-json\/wp\/v2\/categories?post=162040"},{"taxonomy":"post_tag","embeddable":true,"href":"https:\/\/corrientesdetarde.com\/index.php\/wp-json\/wp\/v2\/tags?post=162040"}],"curies":[{"name":"wp","href":"https:\/\/api.w.org\/{rel}","templated":true}]}}