{"id":162041,"date":"2024-08-27T11:55:41","date_gmt":"2024-08-27T14:55:41","guid":{"rendered":"https:\/\/corrientesdetarde.com\/?p=162041"},"modified":"2024-08-27T11:55:44","modified_gmt":"2024-08-27T14:55:44","slug":"malas-noticias-para-marcelo-gallardo-se-supo-cuantos-partidos-de-river-se-perdera-rodrigo-aliendro","status":"publish","type":"post","link":"https:\/\/corrientesdetarde.com\/index.php\/deportes\/malas-noticias-para-marcelo-gallardo-se-supo-cuantos-partidos-de-river-se-perdera-rodrigo-aliendro\/","title":{"rendered":"Malas noticias para Marcelo Gallardo: se supo cu\u00e1ntos partidos de River se perder\u00e1 Rodrigo Aliendro"},"content":{"rendered":"\n<p><strong>Rodrigo Aliendro<\/strong>\u00a0se lesion\u00f3 durante el partido ante\u00a0Newell\u2019s\u00a0en el estadio Monumental por la fecha 12 de la\u00a0<strong>Liga Profesional<\/strong>. El mediocampista se hizo estudios y se confirm\u00f3 que tiene una<strong>\u00a0luxaci\u00f3n en el hombro izquierdo\u00a0<\/strong>por la que no ser\u00e1 necesario que se opere,\u00a0<strong>pero que lo dejar\u00e1 afuera alrededor de tres meses.<\/strong><\/p>\n\n\n\n<p>As\u00ed las cosas, el futbolista<strong>&nbsp;tendr\u00e1 el brazo inm\u00f3vil por alrededor de tres semanas<\/strong>&nbsp;y, luego de eso,&nbsp;<strong>su rehabilitaci\u00f3n le demandar\u00e1 un mes y medio o dos<\/strong>, por lo que podr\u00eda volver a entrenarse con normalidad en aproximadamente tres meses.<\/p>\n\n\n\n<p>Cabe destacar que el ex-Col\u00f3n tuvo la misma lesi\u00f3n, en el mismo lugar, el 20 de agosto de 2023, en el partido ante Argentinos en La Paternal.<\/p>\n\n\n\n<h2 class=\"wp-block-heading\">Cu\u00e1ntos partidos se perder\u00e1 Rodrigo Aliendro<\/h2>\n\n\n\n<p>Teniendo en cuenta los tiempos mencionados anteriormente, Aliendro&nbsp;<strong>podr\u00eda perderse 9 o 10 partidos<\/strong>, entre los que estar\u00edan el&nbsp;<strong>Supercl\u00e1sico ante Boca<\/strong>&nbsp;(se jugar\u00eda el 21 de septiembre) y los partidos por&nbsp;<strong>cuartos de final de la Copa Libertadores ante Colo Colo<\/strong>, programados para el 17 y el 24 de septiembre.<\/p>\n\n\n\n<p>Entre los encuentros a los que podr\u00eda ausentarse el mediocampista tambi\u00e9n est\u00e1n los duelos por la Liga Profesional ante Independiente, Atl\u00e9tico Tucum\u00e1n, Talleres, Platense, V\u00e9lez y Defensa y Justicia. Se estima que su vuelta podr\u00eda darse ante Banfield, por la fecha 20 de torneo local.<\/p>\n\n\n\n<figure class=\"wp-block-image\"><img decoding=\"async\" src=\"https:\/\/tn.com.ar\/resizer\/v2\/el-mediocampista-se-perdera-entre-9-y-10-partidos-por-su-lesion-en-el-hombro-foto-afp-VJLQ6EI2FZDQVNIHERYOPXW4SM.jpg?auth=1ee5b566d70b26cd85b12dce4e65285cdf3838d73661603953b968318caf47b7&amp;width=767\" alt=\"El mediocampista se perder\u00e1 entre 9 y 10 partidos por su lesi\u00f3n en el hombro. (Foto: AFP)\"\/><figcaption class=\"wp-element-caption\">El mediocampista se perder\u00e1 entre 9 y 10 partidos por su lesi\u00f3n en el hombro. (Foto: AFP)<\/figcaption><\/figure>\n\n\n\n<h2 class=\"wp-block-heading\">Rodrigo Aliendro y la maldici\u00f3n de las lesiones<\/h2>\n\n\n\n<p>Desde que lleg\u00f3 a River, Rodrigo Aliendro sufri\u00f3 varias lesiones, pero ninguna fue muscular y esta fue la quinta en dos a\u00f1os en el Millonario. Todas fueron por golpes o fracturas en lugares en los que los futbolistas no suelen lesionarse.<\/p>\n\n\n\n<p>En su estreno con la camiseta de River, por la ida de los octavos de final de la Copa Libertadores 2022 ante V\u00e9lez, el volante sufri\u00f3 un golpe en la cabeza que lo dej\u00f3 mareado y lo oblig\u00f3 a abandonar la cancha. Afortunadamente, la tomograf\u00eda luego le dio bien.<\/p>\n\n\n\n<figure class=\"wp-block-image\"><img decoding=\"async\" src=\"https:\/\/tn.com.ar\/resizer\/v2\/rodrigo-aliendro-sufrio-varias-lesiones-poco-habituales-en-river-foto-reutersagustin-marcarian-2YKVR4T5MGDPSGWBT5TDZF27JQ.jpg?auth=5ecf52e38d20bf15ce689a08fb5943fbd0caa091cdc4ff02455d5803317d68bf&amp;width=767\" alt=\"Rodrigo Aliendro sufri\u00f3 varias lesiones poco habituales en River. (Foto: REUTERS\/Agustin Marcarian)\"\/><figcaption class=\"wp-element-caption\">Rodrigo Aliendro sufri\u00f3 varias lesiones poco habituales en River. (Foto: REUTERS\/Agustin Marcarian)<\/figcaption><\/figure>\n\n\n\n<p>Dos meses y medio despu\u00e9s se dio un golpe que s\u00ed dej\u00f3 secuelas. Sucedi\u00f3 el 11 de septiembre en la Bombonera, cuando, tras caer y golpear su cara contra la rodilla de Alan Varela, sufri\u00f3 la fractura de macizo facial con hundimiento malar. Fue la peor lesi\u00f3n que tuvo y lo dej\u00f3 varios meses afuera de las canchas.<\/p>\n\n\n\n<p>El 20 de agosto de 2023, en el estadio Diego Armando Maradona de La Paternal, el volante experiment\u00f3 la rotura completa del tend\u00f3n pectoral mayor y, una vez m\u00e1s, tuvo un largo tiempo de recuperaci\u00f3n para volver a jugar.<\/p>\n\n\n\n<p>El 18 de mayo, en el partido contra Belgrano en el Monumental por la segunda fecha de la Liga, sufri\u00f3 un traumatismo costal en el sector posterior derecho.<\/p>\n\n\n\n<h2 class=\"wp-block-heading\">El momento de la lesi\u00f3n de Rodrigo Aliendro<\/h2>\n\n\n\n<figure class=\"wp-block-image\"><img decoding=\"async\" src=\"https:\/\/tn.com.ar\/resizer\/v2\/https%3A%2F%2Fthumbs.vodgc.net%2F1-419-lPuKjO1724635932761-1724638102.jpg?auth=647279b62a8409f63462fd4e18525fe44aa9f2d9cf11b13629d0ee8b32b3e640&amp;width=767\" alt=\"Video Placeholder\"\/><\/figure>\n\n\n\n<p>Rodrigo Aliendro se retir\u00f3 lesionado. (Foto: Reuters \/ Video: ESPN Premium).<\/p>\n","protected":false},"excerpt":{"rendered":"<p>Rodrigo Aliendro\u00a0se lesion\u00f3 durante el partido ante\u00a0Newell\u2019s\u00a0en el estadio Monumental por la fecha 12 de la\u00a0Liga Profesional. El mediocampista se hizo estudios y se confirm\u00f3 que tiene una\u00a0luxaci\u00f3n en el&hellip; <\/p>\n","protected":false},"author":12,"featured_media":162044,"comment_status":"closed","ping_status":"open","sticky":false,"template":"","format":"standard","meta":{"footnotes":""},"categories":[4],"tags":[],"class_list":["post-162041","post","type-post","status-publish","format-standard","has-post-thumbnail","hentry","category-deportes"],"_links":{"self":[{"href":"https:\/\/corrientesdetarde.com\/index.php\/wp-json\/wp\/v2\/posts\/162041","targetHints":{"allow":["GET"]}}],"collection":[{"href":"https:\/\/corrientesdetarde.com\/index.php\/wp-json\/wp\/v2\/posts"}],"about":[{"href":"https:\/\/corrientesdetarde.com\/index.php\/wp-json\/wp\/v2\/types\/post"}],"author":[{"embeddable":true,"href":"https:\/\/corrientesdetarde.com\/index.php\/wp-json\/wp\/v2\/users\/12"}],"replies":[{"embeddable":true,"href":"https:\/\/corrientesdetarde.com\/index.php\/wp-json\/wp\/v2\/comments?post=162041"}],"version-history":[{"count":1,"href":"https:\/\/corrientesdetarde.com\/index.php\/wp-json\/wp\/v2\/posts\/162041\/revisions"}],"predecessor-version":[{"id":162045,"href":"https:\/\/corrientesdetarde.com\/index.php\/wp-json\/wp\/v2\/posts\/162041\/revisions\/162045"}],"wp:featuredmedia":[{"embeddable":true,"href":"https:\/\/corrientesdetarde.com\/index.php\/wp-json\/wp\/v2\/media\/162044"}],"wp:attachment":[{"href":"https:\/\/corrientesdetarde.com\/index.php\/wp-json\/wp\/v2\/media?parent=162041"}],"wp:term":[{"taxonomy":"category","embeddable":true,"href":"https:\/\/corrientesdetarde.com\/index.php\/wp-json\/wp\/v2\/categories?post=162041"},{"taxonomy":"post_tag","embeddable":true,"href":"https:\/\/corrientesdetarde.com\/index.php\/wp-json\/wp\/v2\/tags?post=162041"}],"curies":[{"name":"wp","href":"https:\/\/api.w.org\/{rel}","templated":true}]}}