{"id":162042,"date":"2024-08-27T11:49:55","date_gmt":"2024-08-27T14:49:55","guid":{"rendered":"https:\/\/corrientesdetarde.com\/?p=162042"},"modified":"2024-08-27T11:50:00","modified_gmt":"2024-08-27T14:50:00","slug":"valdes-resalto-la-historia-de-santo-tome-y-su-raiz-jesuitica-guarani","status":"publish","type":"post","link":"https:\/\/corrientesdetarde.com\/index.php\/interior\/valdes-resalto-la-historia-de-santo-tome-y-su-raiz-jesuitica-guarani\/","title":{"rendered":"Vald\u00e9s resalt\u00f3 la historia de Santo Tom\u00e9 y su ra\u00edz Jesuitica-Guaran\u00ed"},"content":{"rendered":"\n<p><strong>El gobernador Dr.Gustavo Vald\u00e9s en su mensaje al pueblo santotome\u00f1o que celebra sus 161 a\u00f1os de refundaci\u00f3n dijo que es un gusto participar de este aniversario.&#8221;Muchas veces tenemos que ponernos a pensar cual es nuestra historia,de donde provenimos porque los pueblos que no conocen su historia no saben el rumbo que est\u00e1n tomando.Cuando pensamos en Santo Tom\u00e9 nos damos cuenta que somos parte del nuevo mundo&#8221;.Resalt\u00f3&nbsp;la llegada de la delegaci\u00f3n de Vialidad Urbana de la provincia.<\/strong><\/p>\n\n\n\n<p>&#8220;En esto no existe ni la magia ni las casualidades sino la causalidad y en eso debo destacar el compromiso y colaboraci\u00f3n de los correntinos al momento de construir un futuro mejor.Por eso cuando evaluamos cada una de las cosas sirve,cuando decimos que Santo Tom\u00e9&nbsp;se tiene que dejar de mirar hacia la ruta 14,y mirar al r\u00edo Paran\u00e1 invertimos para cumplir una promesa:justamente Santo Tome va a tener una costanera para que disfrute cada uno de sus habitantes&#8221;,dijo.<\/p>\n","protected":false},"excerpt":{"rendered":"<p>El gobernador Dr.Gustavo Vald\u00e9s en su mensaje al pueblo santotome\u00f1o que celebra sus 161 a\u00f1os de refundaci\u00f3n dijo que es un gusto participar de este aniversario.&#8221;Muchas veces tenemos que ponernos&hellip; <\/p>\n","protected":false},"author":12,"featured_media":132742,"comment_status":"closed","ping_status":"open","sticky":false,"template":"","format":"standard","meta":{"footnotes":""},"categories":[1658],"tags":[],"class_list":["post-162042","post","type-post","status-publish","format-standard","has-post-thumbnail","hentry","category-interior"],"_links":{"self":[{"href":"https:\/\/corrientesdetarde.com\/index.php\/wp-json\/wp\/v2\/posts\/162042","targetHints":{"allow":["GET"]}}],"collection":[{"href":"https:\/\/corrientesdetarde.com\/index.php\/wp-json\/wp\/v2\/posts"}],"about":[{"href":"https:\/\/corrientesdetarde.com\/index.php\/wp-json\/wp\/v2\/types\/post"}],"author":[{"embeddable":true,"href":"https:\/\/corrientesdetarde.com\/index.php\/wp-json\/wp\/v2\/users\/12"}],"replies":[{"embeddable":true,"href":"https:\/\/corrientesdetarde.com\/index.php\/wp-json\/wp\/v2\/comments?post=162042"}],"version-history":[{"count":1,"href":"https:\/\/corrientesdetarde.com\/index.php\/wp-json\/wp\/v2\/posts\/162042\/revisions"}],"predecessor-version":[{"id":162043,"href":"https:\/\/corrientesdetarde.com\/index.php\/wp-json\/wp\/v2\/posts\/162042\/revisions\/162043"}],"wp:featuredmedia":[{"embeddable":true,"href":"https:\/\/corrientesdetarde.com\/index.php\/wp-json\/wp\/v2\/media\/132742"}],"wp:attachment":[{"href":"https:\/\/corrientesdetarde.com\/index.php\/wp-json\/wp\/v2\/media?parent=162042"}],"wp:term":[{"taxonomy":"category","embeddable":true,"href":"https:\/\/corrientesdetarde.com\/index.php\/wp-json\/wp\/v2\/categories?post=162042"},{"taxonomy":"post_tag","embeddable":true,"href":"https:\/\/corrientesdetarde.com\/index.php\/wp-json\/wp\/v2\/tags?post=162042"}],"curies":[{"name":"wp","href":"https:\/\/api.w.org\/{rel}","templated":true}]}}