{"id":162055,"date":"2024-08-27T13:15:42","date_gmt":"2024-08-27T16:15:42","guid":{"rendered":"https:\/\/corrientesdetarde.com\/?p=162055"},"modified":"2024-08-27T13:15:54","modified_gmt":"2024-08-27T16:15:54","slug":"por-primera-vez-israel-rescato-a-un-rehen-de-la-franja-de-gaza-que-estaba-secuestrado-en-un-tunel-de-hamas","status":"publish","type":"post","link":"https:\/\/corrientesdetarde.com\/index.php\/internacionales\/por-primera-vez-israel-rescato-a-un-rehen-de-la-franja-de-gaza-que-estaba-secuestrado-en-un-tunel-de-hamas\/","title":{"rendered":"Por primera vez Israel rescat\u00f3 a un reh\u00e9n de la Franja de Gaza que estaba secuestrado en un t\u00fanel de Hamas"},"content":{"rendered":"\n<p>Farhan al Qadi tiene 52 a\u00f1os y estaba cautivo en el enclave palestino desde hace 326 d\u00edas. El ej\u00e9rcito israel\u00ed dijo que fue una \u201coperaci\u00f3n compleja\u201d.<\/p>\n\n\n\n<p>Una\u00a0<strong>\u201coperaci\u00f3n compleja\u201d<\/strong>. As\u00ed catalogaron las fuerzas de Defensa israel\u00edes (IFD) el rescate de\u00a0<strong>Farhan al Qadi<\/strong>, un hombre de 52 a\u00f1os que estaba secuestrado por el grupo terrorista Hamas desde hace 326 d\u00edas en la Franja de Gaza.<\/p>\n\n\n\n<p>El operativo militar de Israel que termin\u00f3 con la evacuaci\u00f3n de al Qadi se dio en el sur del enclave y, por primera vez, el reh\u00e9n fue rescatado de la reconocida\u00a0<strong>red de t\u00faneles que el grupo extremista despleg\u00f3 a lo largo y ancho de todo Gaza.<\/strong><\/p>\n\n\n\n<p><strong>\u201cSu estado de salud es estable&nbsp;<\/strong>y est\u00e1 siendo trasladado al hospital para hacerle m\u00e1s pruebas m\u00e9dicas\u201d, indica un comunicado del Ej\u00e9rcito, que ya ha informado a su familia del rescate. El primer ministro Benjamin Netanyahu ya se comunic\u00f3 con \u00e9l por tel\u00e9fono al llegar a la cl\u00ednica.<\/p>\n\n\n\n<p>La \u201ccompleja operaci\u00f3n\u201d, seg\u00fan las fuerzas armadas, se llev\u00f3 a cabo de la mano de la agencia de inteligencia interior de Israel, el Shin Bet. \u201cNo pueden publicarse m\u00e1s detalles por consideraciones sobre la seguridad de nuestros rehenes, la de nuestras fuerzas y la seguridad nacional\u201d, a\u00f1adi\u00f3 el comunicado castrense.<\/p>\n\n\n\n<figure class=\"wp-block-image size-large\"><img loading=\"lazy\" decoding=\"async\" width=\"1024\" height=\"640\" src=\"https:\/\/corrientesdetarde.com\/wp-content\/uploads\/2024\/08\/image-838-1024x640.png\" alt=\"\" class=\"wp-image-162057\" srcset=\"https:\/\/corrientesdetarde.com\/wp-content\/uploads\/2024\/08\/image-838-1024x640.png 1024w, https:\/\/corrientesdetarde.com\/wp-content\/uploads\/2024\/08\/image-838-300x188.png 300w, https:\/\/corrientesdetarde.com\/wp-content\/uploads\/2024\/08\/image-838-768x480.png 768w, https:\/\/corrientesdetarde.com\/wp-content\/uploads\/2024\/08\/image-838.png 1440w\" sizes=\"auto, (max-width: 1024px) 100vw, 1024px\" \/><\/figure>\n\n\n\n<p>El principal portavoz del Ej\u00e9rcito, Daniel Hagari, dijo que comandos israel\u00edes rescataron a Al Qadi en un t\u00fanel subterr\u00e1neo&nbsp;<strong>siguiendo informes de inteligencia precisos,&nbsp;<\/strong>pero que no pod\u00eda ofrecer muchos detalles.<\/p>\n\n\n\n<p>Seg\u00fan fuentes palestinas, el hombre fue rescatado en la localidad de Rafah, en el sur de Gaza, donde las fuerzas israel\u00edes operan sobre el terreno desde principios de mayo. El medio israel\u00ed Haaretz asegura que el hombre logr\u00f3 escapar de su cautiverio en uno de los t\u00faneles de Ham\u00e1s antes de ser rescatado por los soldados.<\/p>\n\n\n\n<h2 class=\"wp-block-heading\">Cu\u00e1ntos rehenes quedan en la Franja de Gaza<\/h2>\n\n\n\n<p>Israel y Ham\u00e1s lograron una tregua de una semana a finales de noviembre que incluy\u00f3&nbsp;<strong>la liberaci\u00f3n de 105 rehenes a cambio de 240 palestinos presos<\/strong>&nbsp;en c\u00e1rceles israel\u00edes. De los 251 secuestrados el 7 de octubre, quedan en el enclave 104 cautivos -34 confirmados muertos-, mientras que hay otros cuatro rehenes desde hace a\u00f1os, de ellos dos soldados muertos.<\/p>\n\n\n\n<p>El ministro de Defensa, Yoav Gallant, celebr\u00f3 el rescate de Al Qadi al asegurar que<strong>\u00a0\u201cforma parte de las actividades audaces\u00a0<\/strong>y valientes de las Fuerzas de Defensa de Israel\u201d en Gaza, y recalc\u00f3 su compromiso en \u201caprovechar todas las oportunidades para devolver a los rehenes a sus hogares\u201d.<\/p>\n\n\n\n<figure class=\"wp-block-image size-large\"><img loading=\"lazy\" decoding=\"async\" width=\"1024\" height=\"577\" src=\"https:\/\/corrientesdetarde.com\/wp-content\/uploads\/2024\/08\/image-839-1024x577.png\" alt=\"\" class=\"wp-image-162058\" srcset=\"https:\/\/corrientesdetarde.com\/wp-content\/uploads\/2024\/08\/image-839-1024x577.png 1024w, https:\/\/corrientesdetarde.com\/wp-content\/uploads\/2024\/08\/image-839-300x169.png 300w, https:\/\/corrientesdetarde.com\/wp-content\/uploads\/2024\/08\/image-839-768x433.png 768w, https:\/\/corrientesdetarde.com\/wp-content\/uploads\/2024\/08\/image-839.png 1440w\" sizes=\"auto, (max-width: 1024px) 100vw, 1024px\" \/><\/figure>\n\n\n\n<p>De su lado, el presidente israel\u00ed, Isaac Herzog, felicit\u00f3 a las fuerzas israel\u00edes por el rescate del musulm\u00e1n, y volvi\u00f3 a condenar el ataque de Ham\u00e1s que desat\u00f3 la guerra y en el que sus milicianos se infiltraron en Israel \u201c<strong>para secuestrar, asesinar y violar indiscriminadamente, sin distinci\u00f3n de raza o religi\u00f3n\u201d.<\/strong><\/p>\n\n\n\n<p>En tanto, el ministro de Exteriores, Israel Katz, abog\u00f3 por la liberaci\u00f3n de todos los rehenes, \u201ctanto vivos como los que ya no est\u00e1n con nosotros\u201d. Al Qadi fue secuestrado en el kibutz -comunidad agraria- de Magen, a unos 5 kil\u00f3metros de la frontera con Gaza, cuando estaba trabajando en una f\u00e1brica de embalaje.<\/p>\n\n\n\n<p>\u201c<strong>Estamos haciendo todo lo posible para salvar a todos los secuestrados<\/strong>\u201d, dijo en un comunicado el jefe del Estado Mayor del Ej\u00e9rcito, Herzi Halevi.<\/p>\n\n\n\n<p>El Foro de las Familias de los Rehenes, la principal plataforma que representa a los familiares de los secuestrados el 7 de octubre, celebr\u00f3 el rescate, pero dej\u00f3 claro que el resto de rehenes que todav\u00eda quedan en Gaza necesitan un acuerdo de alto el fuego para poder salir.<\/p>\n","protected":false},"excerpt":{"rendered":"<p>Farhan al Qadi tiene 52 a\u00f1os y estaba cautivo en el enclave palestino desde hace 326 d\u00edas. El ej\u00e9rcito israel\u00ed dijo que fue una \u201coperaci\u00f3n compleja\u201d. Una\u00a0\u201coperaci\u00f3n compleja\u201d. As\u00ed catalogaron&hellip; <\/p>\n","protected":false},"author":8,"featured_media":162056,"comment_status":"closed","ping_status":"open","sticky":false,"template":"","format":"standard","meta":{"footnotes":""},"categories":[11],"tags":[],"class_list":["post-162055","post","type-post","status-publish","format-standard","has-post-thumbnail","hentry","category-internacionales"],"_links":{"self":[{"href":"https:\/\/corrientesdetarde.com\/index.php\/wp-json\/wp\/v2\/posts\/162055","targetHints":{"allow":["GET"]}}],"collection":[{"href":"https:\/\/corrientesdetarde.com\/index.php\/wp-json\/wp\/v2\/posts"}],"about":[{"href":"https:\/\/corrientesdetarde.com\/index.php\/wp-json\/wp\/v2\/types\/post"}],"author":[{"embeddable":true,"href":"https:\/\/corrientesdetarde.com\/index.php\/wp-json\/wp\/v2\/users\/8"}],"replies":[{"embeddable":true,"href":"https:\/\/corrientesdetarde.com\/index.php\/wp-json\/wp\/v2\/comments?post=162055"}],"version-history":[{"count":1,"href":"https:\/\/corrientesdetarde.com\/index.php\/wp-json\/wp\/v2\/posts\/162055\/revisions"}],"predecessor-version":[{"id":162059,"href":"https:\/\/corrientesdetarde.com\/index.php\/wp-json\/wp\/v2\/posts\/162055\/revisions\/162059"}],"wp:featuredmedia":[{"embeddable":true,"href":"https:\/\/corrientesdetarde.com\/index.php\/wp-json\/wp\/v2\/media\/162056"}],"wp:attachment":[{"href":"https:\/\/corrientesdetarde.com\/index.php\/wp-json\/wp\/v2\/media?parent=162055"}],"wp:term":[{"taxonomy":"category","embeddable":true,"href":"https:\/\/corrientesdetarde.com\/index.php\/wp-json\/wp\/v2\/categories?post=162055"},{"taxonomy":"post_tag","embeddable":true,"href":"https:\/\/corrientesdetarde.com\/index.php\/wp-json\/wp\/v2\/tags?post=162055"}],"curies":[{"name":"wp","href":"https:\/\/api.w.org\/{rel}","templated":true}]}}