{"id":162060,"date":"2024-08-27T13:21:43","date_gmt":"2024-08-27T16:21:43","guid":{"rendered":"https:\/\/corrientesdetarde.com\/?p=162060"},"modified":"2024-08-27T13:21:49","modified_gmt":"2024-08-27T16:21:49","slug":"jose-mayans-cruzo-a-cristina-kirchner-con-una-fuerte-chicana-sobre-alberto-fernandez","status":"publish","type":"post","link":"https:\/\/corrientesdetarde.com\/index.php\/politica\/jose-mayans-cruzo-a-cristina-kirchner-con-una-fuerte-chicana-sobre-alberto-fernandez\/","title":{"rendered":"Jos\u00e9 Mayans cruz\u00f3 a Cristina Kirchner con una fuerte chicana sobre Alberto Fern\u00e1ndez"},"content":{"rendered":"\n<p>El jefe de bloque de Uni\u00f3n por la Patria en el Senado cuestion\u00f3 las declaraciones de la exmandataria. Destac\u00f3 su relaci\u00f3n con Victoria Villarruel y consider\u00f3 que el peronismo tiene \u201cuna crisis de conducci\u00f3n\u201d.<\/p>\n\n\n\n<p>El jefe de bloque de Uni\u00f3n por la Patria en el Senado,&nbsp;Jos\u00e9 Mayans,&nbsp;cruz\u00f3 a la expresidenta&nbsp;Cristina Kirchner:&nbsp;\u201cA los que pusieron a&nbsp;Alberto Fern\u00e1ndez&nbsp;como presidente del PJ, \u00bftambi\u00e9n los&nbsp;mandamos al psiqui\u00e1trico?\u201d.<\/p>\n\n\n\n<p>Las fuertes declaraciones del legislador cercano al gobernador de Formosa,&nbsp;Gildo Insfr\u00e1n,&nbsp;fueron en respuesta a la publicaci\u00f3n de la ex vicepresidenta en su cuenta de&nbsp;X,&nbsp;que hab\u00eda pedido una \u201cpericia psiqui\u00e1trica\u201d a los que dijeron que la titular del Senado&nbsp;Victoria Villarruel&nbsp;es peronista.<\/p>\n\n\n\n<p>Mayans plante\u00f3 en declaraciones a&nbsp;<em>Radio 10:<\/em>&nbsp;\u201cEl peronismo tiene&nbsp;<strong>crisis de conducci\u00f3n,&nbsp;<\/strong>perdimos la elecci\u00f3n y tuvimos errores. S\u00e9 que la ropa sucia se lava en casa. No tengo nada contra (el expresidente) Alberto (Fern\u00e1ndez), pero lo pusieron como presidente del partido y se manifestaba socialdem\u00f3crata. \u00bfQu\u00e9 hacemos con los que pusieron a Alberto como presidente del partido? \u00bfTambi\u00e9n los mandamos al psiqui\u00e1trico?\u201d.<\/p>\n\n\n\n<figure class=\"wp-block-image\"><img decoding=\"async\" src=\"https:\/\/tn.com.ar\/resizer\/v2\/cristina-kirchner-se-metio-en-la-interna-de-javier-milei-y-victoria-villarruel-con-un-fuerte-mensaje-foto-captura-x-cfkargentina-NWEZULM7IZHAHC5ZXMPUMU6JOU.jpg?auth=8e5e12e93d26a0f94d1078a52e39dd16426c6a3e24139ac2ff89bb15206a03fb&amp;width=767\" alt=\"Cristina Kirchner se meti\u00f3 en la interna de Javier Milei y Victoria Villarruel con un fuerte mensaje. (Foto: captura X @cfkargentina)\"\/><\/figure>\n\n\n\n<p>El senador K adem\u00e1s destac\u00f3 su \u201cbuena relaci\u00f3n\u201d con Villarruel y se refiri\u00f3 a la broma sobre \u201cjamoncito\u201d, el apodo que la Vice le puso al Presidente. Mayans dijo: \u201cFue una broma que le hice y no pens\u00e9 que se iba a armar semejante l\u00edo. Tengo buena relaci\u00f3n con ella\u201d.<\/p>\n\n\n\n<p>Mayans mencion\u00f3: \u201cAyer me entrevistaron y me preguntaronqui\u00e9n est\u00e1 m\u00e1s cercano al pensamiento nuestro, si Milei o Villarruel. Yo dije que Villarruel se manifiesta&nbsp;<strong>nacionalista&nbsp;<\/strong>y que hay cosas que est\u00e1&nbsp;<strong>m\u00e1s cercana a nosotros,<\/strong>&nbsp;como la defensa de la causa Malvinas. No creo que est\u00e9 de acuerdo con el alineamiento con Estados Unidos e Inglaterra\u201d.<\/p>\n\n\n\n<p>El jefe de bloque de UxP en la C\u00e1mara Alta hab\u00eda planteado en declaraciones a&nbsp;<em>Radio Perfil:<\/em>&nbsp;\u201cCon respecto al rol del Estado nosotros tenemos una visi\u00f3n que creo que ella (en relaci\u00f3n a Villarruel) comparte, porque incluso hace poco, cuando recibi\u00f3 un diploma, dijo que est\u00e1&nbsp;<strong>orgullosa de la universidad p\u00fablica.<\/strong>&nbsp;Eso es lo que define ella\u201d<em>.<\/em><\/p>\n\n\n\n<h2 class=\"wp-block-heading\">Los elogios del peronismo a Victoria Villarruel, en medio de su tensi\u00f3n con Javier Milei<\/h2>\n\n\n\n<p>Otros dirigentes peronistas tambi\u00e9n elogiaron a Villarruel, en medio de su tensi\u00f3n con Milei. El ex secretario de Comercio Interior K,&nbsp;<strong>Guillermo Moreno,<\/strong>&nbsp;dijo en declaraciones a&nbsp;<em>Noticias Argentinas:&nbsp;<\/em>\u201cVillarruel demostr\u00f3 ser una mujer que&nbsp;<strong>va a destacar en el futuro,<\/strong>&nbsp;pero no tiene presente\u201d. Adem\u00e1s dijo que la vice \u201cse tiene que preparar\u201d para los pr\u00f3ximos a\u00f1os.<\/p>\n\n\n\n<p>Mientras que el ex ministro de Seguridad bonaerense,&nbsp;<strong>Sergio Berni,<\/strong>&nbsp;dijo en declaraciones a&nbsp;<em>Radio 10,<\/em>&nbsp;en relaci\u00f3n a Villarruel: \u201cLa doctora es una persona pol\u00edtica que&nbsp;<strong>tiene autonom\u00eda de pensamiento y lo celebro.&nbsp;<\/strong>Ojal\u00e1 los nuestros fueran iguales, en vez de agachar la cabeza todos los d\u00edas. La quiero siempre en mi equipo\u201d.<\/p>\n","protected":false},"excerpt":{"rendered":"<p>El jefe de bloque de Uni\u00f3n por la Patria en el Senado cuestion\u00f3 las declaraciones de la exmandataria. Destac\u00f3 su relaci\u00f3n con Victoria Villarruel y consider\u00f3 que el peronismo tiene&hellip; <\/p>\n","protected":false},"author":8,"featured_media":162061,"comment_status":"closed","ping_status":"open","sticky":false,"template":"","format":"standard","meta":{"footnotes":""},"categories":[3],"tags":[],"class_list":["post-162060","post","type-post","status-publish","format-standard","has-post-thumbnail","hentry","category-politica"],"_links":{"self":[{"href":"https:\/\/corrientesdetarde.com\/index.php\/wp-json\/wp\/v2\/posts\/162060","targetHints":{"allow":["GET"]}}],"collection":[{"href":"https:\/\/corrientesdetarde.com\/index.php\/wp-json\/wp\/v2\/posts"}],"about":[{"href":"https:\/\/corrientesdetarde.com\/index.php\/wp-json\/wp\/v2\/types\/post"}],"author":[{"embeddable":true,"href":"https:\/\/corrientesdetarde.com\/index.php\/wp-json\/wp\/v2\/users\/8"}],"replies":[{"embeddable":true,"href":"https:\/\/corrientesdetarde.com\/index.php\/wp-json\/wp\/v2\/comments?post=162060"}],"version-history":[{"count":1,"href":"https:\/\/corrientesdetarde.com\/index.php\/wp-json\/wp\/v2\/posts\/162060\/revisions"}],"predecessor-version":[{"id":162062,"href":"https:\/\/corrientesdetarde.com\/index.php\/wp-json\/wp\/v2\/posts\/162060\/revisions\/162062"}],"wp:featuredmedia":[{"embeddable":true,"href":"https:\/\/corrientesdetarde.com\/index.php\/wp-json\/wp\/v2\/media\/162061"}],"wp:attachment":[{"href":"https:\/\/corrientesdetarde.com\/index.php\/wp-json\/wp\/v2\/media?parent=162060"}],"wp:term":[{"taxonomy":"category","embeddable":true,"href":"https:\/\/corrientesdetarde.com\/index.php\/wp-json\/wp\/v2\/categories?post=162060"},{"taxonomy":"post_tag","embeddable":true,"href":"https:\/\/corrientesdetarde.com\/index.php\/wp-json\/wp\/v2\/tags?post=162060"}],"curies":[{"name":"wp","href":"https:\/\/api.w.org\/{rel}","templated":true}]}}