{"id":16225,"date":"2022-11-01T13:03:09","date_gmt":"2022-11-01T16:03:09","guid":{"rendered":"https:\/\/corrientesdetarde.com\/?p=16225"},"modified":"2022-11-01T13:03:13","modified_gmt":"2022-11-01T16:03:13","slug":"invico-familias-con-hijos-discapacitados-reclaman-entrega-de-viviendas","status":"publish","type":"post","link":"https:\/\/corrientesdetarde.com\/index.php\/actualidad\/invico-familias-con-hijos-discapacitados-reclaman-entrega-de-viviendas\/","title":{"rendered":"<strong>INVICO: familias con hijos discapacitados reclaman entrega de viviendas<\/strong>"},"content":{"rendered":"\n<p>Frente a la sede central del Instituto de Vivienda de Corrientes (INVICO), calle San Juan casi Pl\u00e1cido Mart\u00ednez, este martes por la ma\u00f1ana hubo una manifestaci\u00f3n de familias que reclaman viviendas sociales. Se trata de grupos familiares que adem\u00e1s de carecer de recursos econ\u00f3micos, tienen hijos con diferentes grados de discapacidad.<\/p>\n\n\n\n<p>\u201cLlevamos a\u00f1os esperando una vivienda y lo \u00fanico que saben decirnos es que esperemos\u201d. La afirmaci\u00f3n pertenece a Carolina, madre de una ni\u00f1a con discapacidad que est\u00e1 inscripta hace 14 a\u00f1os en la lista de espera del INVICO.<\/p>\n\n\n\n<figure class=\"wp-block-image\"><img decoding=\"async\" src=\"https:\/\/lh5.googleusercontent.com\/-2pRO7K0ldXI8eytpq6eAyFfcKR_V007zPHq8cE9D3I6nyZ6Tk29yIN-nL6Ci18eeNUdzjhwbhLVEgN6yXYUAiNsJ1jNKhxwtn9mqQojQK1FgqQYwz5GT95Lz6tq77NyLCf8ulnuo0DbrF_NV801NFSSIOFbQ5pktqmDRIqQRQU5YvIWITZ31pIx6mGYtw\" alt=\"\"\/><\/figure>\n\n\n\n<p>Su caso es particularmente llamativo. La unidad habitacional en la que viv\u00eda entr\u00f3 a recupero \u2013el organismo provincial se la retir\u00f3 por falta de pago o de ocupaci\u00f3n- y se la dio a una persona que est\u00e1 sola. Sin familia a cargo.<\/p>\n\n\n\n<p>Que, adem\u00e1s, no est\u00e1 ni siquiera inscripta en el INVICO y que tiene otra casa por calle Catamarca en la ciudad de Corrientes.<\/p>\n\n\n\n<p>Otro caso es el de la familia Arce que tiene un problema renal y duermen en un pasillo. Solicitan una vivienda acondicionada para la habitabilidad de una peque\u00f1a con problemas renales y tambi\u00e9n \u201cestamos esperando desde hace 8 a\u00f1os. No nos dicen otra que esperemos\u201d.<\/p>\n","protected":false},"excerpt":{"rendered":"<p>Frente a la sede central del Instituto de Vivienda de Corrientes (INVICO), calle San Juan casi Pl\u00e1cido Mart\u00ednez, este martes por la ma\u00f1ana hubo una manifestaci\u00f3n de familias que reclaman&hellip; <\/p>\n","protected":false},"author":1,"featured_media":16226,"comment_status":"closed","ping_status":"open","sticky":false,"template":"","format":"standard","meta":{"footnotes":""},"categories":[23],"tags":[],"class_list":["post-16225","post","type-post","status-publish","format-standard","has-post-thumbnail","hentry","category-actualidad"],"_links":{"self":[{"href":"https:\/\/corrientesdetarde.com\/index.php\/wp-json\/wp\/v2\/posts\/16225","targetHints":{"allow":["GET"]}}],"collection":[{"href":"https:\/\/corrientesdetarde.com\/index.php\/wp-json\/wp\/v2\/posts"}],"about":[{"href":"https:\/\/corrientesdetarde.com\/index.php\/wp-json\/wp\/v2\/types\/post"}],"author":[{"embeddable":true,"href":"https:\/\/corrientesdetarde.com\/index.php\/wp-json\/wp\/v2\/users\/1"}],"replies":[{"embeddable":true,"href":"https:\/\/corrientesdetarde.com\/index.php\/wp-json\/wp\/v2\/comments?post=16225"}],"version-history":[{"count":1,"href":"https:\/\/corrientesdetarde.com\/index.php\/wp-json\/wp\/v2\/posts\/16225\/revisions"}],"predecessor-version":[{"id":16227,"href":"https:\/\/corrientesdetarde.com\/index.php\/wp-json\/wp\/v2\/posts\/16225\/revisions\/16227"}],"wp:featuredmedia":[{"embeddable":true,"href":"https:\/\/corrientesdetarde.com\/index.php\/wp-json\/wp\/v2\/media\/16226"}],"wp:attachment":[{"href":"https:\/\/corrientesdetarde.com\/index.php\/wp-json\/wp\/v2\/media?parent=16225"}],"wp:term":[{"taxonomy":"category","embeddable":true,"href":"https:\/\/corrientesdetarde.com\/index.php\/wp-json\/wp\/v2\/categories?post=16225"},{"taxonomy":"post_tag","embeddable":true,"href":"https:\/\/corrientesdetarde.com\/index.php\/wp-json\/wp\/v2\/tags?post=16225"}],"curies":[{"name":"wp","href":"https:\/\/api.w.org\/{rel}","templated":true}]}}