{"id":16228,"date":"2022-11-01T13:06:03","date_gmt":"2022-11-01T16:06:03","guid":{"rendered":"https:\/\/corrientesdetarde.com\/?p=16228"},"modified":"2022-11-01T13:06:06","modified_gmt":"2022-11-01T16:06:06","slug":"corrientes-mas-pedidos-de-mejora-salarial-al-ejecutivo-ahora-de-agentes-judiciales","status":"publish","type":"post","link":"https:\/\/corrientesdetarde.com\/index.php\/locales\/corrientes-mas-pedidos-de-mejora-salarial-al-ejecutivo-ahora-de-agentes-judiciales\/","title":{"rendered":"<strong>Corrientes: m\u00e1s pedidos de mejora salarial al Ejecutivo, ahora de agentes judiciales<\/strong>"},"content":{"rendered":"\n<p>Los trabajadores del Poder Judicial de la provincia insistieron con un incremento del 30% dividido en dos: noviembre 15% y diciembre 15%.<\/p>\n\n\n\n<p>Agentes de la Justicia provincial formalizaron este lunes 31 de octubre un nuevo pedido de actualizaci\u00f3n salarial antes del cierre del a\u00f1o.<\/p>\n\n\n\n<p>\u201cInaudita insensibilidad de nuestras autoridades que parecen no tener ning\u00fan apuro en mejorar nuestros paup\u00e9rrimos salarios, destruidos por la inflaci\u00f3n, y en cambio aparecen diligentes a la hora de incrementar la tarea del trabajador judicial\u201d, expresaron los trabajadores durante la entrega del documento a los integrantes del Superior Tribunal de Justicia (STJ).<\/p>\n\n\n\n<p>Polic\u00edas, agentes penitenciarios y docentes, tambi\u00e9n piden desde hace meses recomposiciones salariales al Poder Ejecutivo. Estos planteos se sostienen en los elevados vol\u00famenes de ingresos de recursos federales a las arcas provinciales.<\/p>\n","protected":false},"excerpt":{"rendered":"<p>Los trabajadores del Poder Judicial de la provincia insistieron con un incremento del 30% dividido en dos: noviembre 15% y diciembre 15%. Agentes de la Justicia provincial formalizaron este lunes&hellip; <\/p>\n","protected":false},"author":1,"featured_media":16229,"comment_status":"closed","ping_status":"open","sticky":false,"template":"","format":"standard","meta":{"footnotes":""},"categories":[8],"tags":[],"class_list":["post-16228","post","type-post","status-publish","format-standard","has-post-thumbnail","hentry","category-locales"],"_links":{"self":[{"href":"https:\/\/corrientesdetarde.com\/index.php\/wp-json\/wp\/v2\/posts\/16228","targetHints":{"allow":["GET"]}}],"collection":[{"href":"https:\/\/corrientesdetarde.com\/index.php\/wp-json\/wp\/v2\/posts"}],"about":[{"href":"https:\/\/corrientesdetarde.com\/index.php\/wp-json\/wp\/v2\/types\/post"}],"author":[{"embeddable":true,"href":"https:\/\/corrientesdetarde.com\/index.php\/wp-json\/wp\/v2\/users\/1"}],"replies":[{"embeddable":true,"href":"https:\/\/corrientesdetarde.com\/index.php\/wp-json\/wp\/v2\/comments?post=16228"}],"version-history":[{"count":1,"href":"https:\/\/corrientesdetarde.com\/index.php\/wp-json\/wp\/v2\/posts\/16228\/revisions"}],"predecessor-version":[{"id":16230,"href":"https:\/\/corrientesdetarde.com\/index.php\/wp-json\/wp\/v2\/posts\/16228\/revisions\/16230"}],"wp:featuredmedia":[{"embeddable":true,"href":"https:\/\/corrientesdetarde.com\/index.php\/wp-json\/wp\/v2\/media\/16229"}],"wp:attachment":[{"href":"https:\/\/corrientesdetarde.com\/index.php\/wp-json\/wp\/v2\/media?parent=16228"}],"wp:term":[{"taxonomy":"category","embeddable":true,"href":"https:\/\/corrientesdetarde.com\/index.php\/wp-json\/wp\/v2\/categories?post=16228"},{"taxonomy":"post_tag","embeddable":true,"href":"https:\/\/corrientesdetarde.com\/index.php\/wp-json\/wp\/v2\/tags?post=16228"}],"curies":[{"name":"wp","href":"https:\/\/api.w.org\/{rel}","templated":true}]}}